{"id":3441,"date":"2024-10-16T07:04:49","date_gmt":"2024-10-16T07:04:49","guid":{"rendered":"https:\/\/auschwitztoursfromwarsaw.com\/die-20-besten-buecher-ueber-auschwitz-und-den-holocaust\/"},"modified":"2025-05-13T07:47:37","modified_gmt":"2025-05-13T07:47:37","slug":"besten-buecher-auschwitz-holocaust","status":"publish","type":"post","link":"https:\/\/auschwitztoursfromwarsaw.com\/de\/besten-buecher-auschwitz-holocaust\/","title":{"rendered":"20 Beste B\u00fccher \u00dcber Auschwitz Und Den Holocaust"},"content":{"rendered":"\n<p class=\"\">Wir m\u00fcssen eine der dunkelsten Zeiten in der Geschichte der Menschheit, den Holocaust, verstehen, damit er nie wieder passiert. Die B\u00fccher \u00fcber Auschwitz geh\u00f6ren zu den besten M\u00f6glichkeiten, der Opfer zu gedenken und zu vermeiden, dass sich die gleichen schrecklichen Fehler wiederholen. <\/p>\n\n\n\n<p class=\"\">Auschwitz, das ber\u00fcchtigtste der nationalsozialistischen Vernichtungslager, ist der Inbegriff des menschlichen B\u00f6sen und die St\u00e4rke derer, die \u00fcberlebt haben. Die Lekt\u00fcre \u00fcber Auschwitz und den Holocaust ehrt nicht nur die Millionen von j\u00fcdischen Leben, die ihr Leben verloren haben, sondern kl\u00e4rt auch zuk\u00fcnftige Generationen \u00fcber den Preis von Hass und Intoleranz auf. <\/p>\n\n\n\n<p class=\"\">Hier sind 20 B\u00fccher, die pers\u00f6nliche Geschichten, historische Zusammenh\u00e4nge und die Auswirkungen auf das j\u00fcdische Leben und die Welt behandeln.<\/p>\n\n\n\n<figure class=\"wp-block-image size-large\"><img decoding=\"async\" width=\"1024\" height=\"796\" src=\"https:\/\/auschwitztoursfromwarsaw.com\/wp-content\/uploads\/2024\/10\/20-Best-Books-about-Auschwitz-and-the-Holocaust-1024x796.jpg\" alt=\"\" class=\"wp-image-2476\" srcset=\"https:\/\/auschwitztoursfromwarsaw.com\/wp-content\/uploads\/2024\/10\/20-Best-Books-about-Auschwitz-and-the-Holocaust-1024x796.jpg 1024w, https:\/\/auschwitztoursfromwarsaw.com\/wp-content\/uploads\/2024\/10\/20-Best-Books-about-Auschwitz-and-the-Holocaust-300x233.jpg 300w, https:\/\/auschwitztoursfromwarsaw.com\/wp-content\/uploads\/2024\/10\/20-Best-Books-about-Auschwitz-and-the-Holocaust-768x597.jpg 768w, https:\/\/auschwitztoursfromwarsaw.com\/wp-content\/uploads\/2024\/10\/20-Best-Books-about-Auschwitz-and-the-Holocaust.jpg 1500w\" sizes=\"(max-width: 1024px) 100vw, 1024px\" \/><\/figure>\n\n\n\n<h2 class=\"wp-block-heading has-text-align-center\">Warum B\u00fccher \u00fcber Auschwitz und den Holocaust wichtig sind<\/h2>\n\n\n\n<p class=\"\">B\u00fccher sind ein Mittel, um die Erinnerung an Auschwitz und den Holocaust lebendig zu halten. Diese B\u00fccher geben uns einen pers\u00f6nlichen Zugang zum Leben von Opfern, \u00dcberlebenden und sogar T\u00e4tern, damit wir ein Gef\u00fchl f\u00fcr das Ausma\u00df des Schreckens bekommen. <\/p>\n\n\n\n<p class=\"\">Sie umfassen j\u00fcdische M\u00e4nner, Frauen und Kinder, Nichtjuden, politische Gefangene und andere, die unter dem NS-Regime standen.<\/p>\n\n\n\n<p class=\"\">Indem wir diese Geschichten lesen, ehren wir nicht nur diejenigen, die diese Zeit erlebt haben, sondern stellen auch sicher, dass die gelernten Lektionen an zuk\u00fcnftige Generationen weitergegeben werden.<\/p>\n\n\n\n<h2 class=\"wp-block-heading has-text-align-center\">20 B\u00fccher \u00fcber das Konzentrationslager Auschwitz<\/h2>\n\n\n\n<p class=\"\">Wir haben es Ihnen leichter gemacht, indem wir diesen Abschnitt in Themen eingeteilt haben, von Memoiren \u00fcber historische Berichte bis hin zu Belletristik.<\/p>\n\n\n\n<p class=\"\">In diesem Beitrag geht es haupts\u00e4chlich um Auschwitz und das Dritte Reich, also fangen wir mit den \u00dcberlebenden an, von ungarischen Juden \u00fcber italienische Juden bis hin zu ihren Mith\u00e4ftlingen, die es geschafft haben, ihre Memoiren an zuk\u00fcnftige Generationen weiterzugeben.<\/p>\n\n\n<div data-vi-partner-id=P00037809 data-vi-widget-ref=W-60621e9b-9be4-4e86-a626-1f925fec7761 ><\/div>\n<p><script async src=\"https:\/\/www.viator.com\/orion\/partner\/widget.js\"><\/script><\/p>\n\n\n\n<figure class=\"wp-block-image size-large\"><img decoding=\"async\" width=\"1024\" height=\"685\" src=\"https:\/\/auschwitztoursfromwarsaw.com\/wp-content\/uploads\/2024\/10\/Entrance-of-Auschwitz-Birkenau-memorial-1024x685.jpg\" alt=\"Eingang der Gedenkst\u00e4tte Auschwitz-Birkenau\" class=\"wp-image-2330\" srcset=\"https:\/\/auschwitztoursfromwarsaw.com\/wp-content\/uploads\/2024\/10\/Entrance-of-Auschwitz-Birkenau-memorial-1024x685.jpg 1024w, https:\/\/auschwitztoursfromwarsaw.com\/wp-content\/uploads\/2024\/10\/Entrance-of-Auschwitz-Birkenau-memorial-300x201.jpg 300w, https:\/\/auschwitztoursfromwarsaw.com\/wp-content\/uploads\/2024\/10\/Entrance-of-Auschwitz-Birkenau-memorial-768x514.jpg 768w, https:\/\/auschwitztoursfromwarsaw.com\/wp-content\/uploads\/2024\/10\/Entrance-of-Auschwitz-Birkenau-memorial.jpg 1500w\" sizes=\"(max-width: 1024px) 100vw, 1024px\" \/><\/figure>\n\n\n\n<h3 class=\"wp-block-heading has-text-align-center\">Memoiren und Berichte von \u00dcberlebenden<\/h3>\n\n\n\n<h4 class=\"wp-block-heading has-text-align-center\">&#8220;Das Tagebuch eines jungen M\u00e4dchens&#8221; von Anne Frank<\/h4>\n\n\n\n<p class=\"\">&#8220;Das Tagebuch eines jungen M\u00e4dchens&#8221; von Anne Frank ist ein eindringlicher Bericht aus erster Hand \u00fcber einen j\u00fcdischen Teenager, der sich w\u00e4hrend des Zweiten Weltkriegs vor den Nazis versteckte.<\/p>\n\n\n\n<p class=\"\">Das Tagebuch wurde zwischen 1942 und 1944 geschrieben und zeigt Annes Leben im Hinterhaus \u2013 einem versteckten Teil eines alten B\u00fcrogeb\u00e4udes in Amsterdam, in dem sie, ihre Familie und andere in st\u00e4ndiger Angst lebten, entdeckt zu werden. Aus ihrer Perspektive erforscht Anne Identit\u00e4t, Adoleszenz und die Schrecken au\u00dferhalb ihres Ortes. <\/p>\n\n\n\n<p class=\"\">Ihre Schriften helfen uns, das t\u00e4gliche Leben unter Unterdr\u00fcckung und die St\u00e4rke des menschlichen Geistes zu verstehen. Das Tagebuch ist ein Klassiker des Holocaust und ein Muss, um eine der dunkelsten Zeiten der Menschheitsgeschichte zu verstehen. <\/p>\n\n\n<div class=\"wp-block-image\">\n<figure class=\"aligncenter size-medium\"><img decoding=\"async\" width=\"300\" height=\"225\" src=\"https:\/\/auschwitztoursfromwarsaw.com\/wp-content\/uploads\/2024\/10\/Original-Anne-Frank-Diary-300x225.jpg\" alt=\"\" class=\"wp-image-2488\" srcset=\"https:\/\/auschwitztoursfromwarsaw.com\/wp-content\/uploads\/2024\/10\/Original-Anne-Frank-Diary-300x225.jpg 300w, https:\/\/auschwitztoursfromwarsaw.com\/wp-content\/uploads\/2024\/10\/Original-Anne-Frank-Diary-1024x768.jpg 1024w, https:\/\/auschwitztoursfromwarsaw.com\/wp-content\/uploads\/2024\/10\/Original-Anne-Frank-Diary-768x576.jpg 768w, https:\/\/auschwitztoursfromwarsaw.com\/wp-content\/uploads\/2024\/10\/Original-Anne-Frank-Diary.jpg 1500w\" sizes=\"(max-width: 300px) 100vw, 300px\" \/><figcaption class=\"wp-element-caption\">Link: <a href=\"https:\/\/commons.wikimedia.org\/wiki\/File:Original_Book_Copy.jpg\" target=\"_blank\" rel=\"noreferrer noopener\">Wikipedia<\/a><\/figcaption><\/figure>\n<\/div>\n\n\n<h4 class=\"wp-block-heading has-text-align-center\">&#8220;Nacht&#8221; von Elie Wiesel<\/h4>\n\n\n\n<p class=\"\">&#8220;Nacht&#8221; ist Elie Wiesels Erinnerung an seine Zeit als j\u00fcdischer Junge in Auschwitz und Buchenwald. Das Buch handelt von seinem Weg von einem normalen Leben in einer Kleinstadt in die Vernichtungslager. <\/p>\n\n\n\n<p class=\"\">Wiesel beschreibt in eindringlichen Details den Verlust seiner Familie, seines Glaubens und seiner Unschuld inmitten unvorstellbaren Leids.<\/p>\n\n\n\n<p class=\"\">Dieses Buch ist ein tiefer Einblick in die psychologischen und emotionalen Auswirkungen auf Millionen von Juden. Eine Pflichtlekt\u00fcre, um die pers\u00f6nlichen Kosten des Holocaust und das menschliche Durchhalteverm\u00f6gen zu verstehen. <\/p>\n\n\n<div class=\"wp-block-image\">\n<figure class=\"aligncenter size-medium\"><img decoding=\"async\" width=\"300\" height=\"300\" src=\"https:\/\/auschwitztoursfromwarsaw.com\/wp-content\/uploads\/2024\/10\/inside-Auschwitz-300x300.jpg\" alt=\"im Inneren von Auschwitz\" class=\"wp-image-2481\" srcset=\"https:\/\/auschwitztoursfromwarsaw.com\/wp-content\/uploads\/2024\/10\/inside-Auschwitz-300x300.jpg 300w, https:\/\/auschwitztoursfromwarsaw.com\/wp-content\/uploads\/2024\/10\/inside-Auschwitz-150x150.jpg 150w, https:\/\/auschwitztoursfromwarsaw.com\/wp-content\/uploads\/2024\/10\/inside-Auschwitz-768x768.jpg 768w, https:\/\/auschwitztoursfromwarsaw.com\/wp-content\/uploads\/2024\/10\/inside-Auschwitz.jpg 1024w\" sizes=\"(max-width: 300px) 100vw, 300px\" \/><\/figure>\n<\/div>\n\n\n<h4 class=\"wp-block-heading has-text-align-center\">&#8220;Die Suche des Menschen nach Sinn&#8221; von Viktor Frankl<\/h4>\n\n\n\n<p class=\"\">Der j\u00fcdische Psychiater Viktor Frankl erz\u00e4hlt von seiner Zeit in Auschwitz und erforscht dabei die psychologischen Reaktionen von H\u00e4ftlingen auf das Leben in Vernichtungslagern. Er stellt seine Theorie der Logotherapie vor, die postuliert, dass die Suche nach einem Sinn im Leben der Schl\u00fcssel zum \u00dcberleben ist. <\/p>\n\n\n\n<p class=\"\">Frankls philosophische Reflexionen bieten eine einzigartige Perspektive darauf, wie Individuen mit den extremen Bedingungen des NS-Regimes umgegangen sind.<\/p>\n\n\n\n<p class=\"\">Dieses Buch ist eine Erinnerung und ein Leitfaden, um inmitten der Verzweiflung einen Sinn zu finden, was es zu einem zeitlosen St\u00fcck Literatur \u00fcber menschliche Widerstandsf\u00e4higkeit macht.<\/p>\n\n\n<div data-gyg-href=\"https:\/\/widget.getyourguide.com\/default\/activities.frame\" data-gyg-locale-code=\"de-DE\" data-gyg-widget=\"activities\" data-gyg-number-of-items=\"4\" data-gyg-partner-id=\"BD1X57Z\" data-gyg-q=\"auschwitz\"><span>Powered by <a target=\"_blank\" rel=\"sponsored noopener\" href=\"https:\/\/www.getyourguide.com\/memorial-and-museum-auschwitz-birkenau-l1069\/\">GetYourGuide<\/a><\/span><\/div>\n<p><!-- GetYourGuide Analytics --><\/p>\n<p><script async defer src=\"https:\/\/widget.getyourguide.com\/dist\/pa.umd.production.min.js\" data-gyg-partner-id=\"BD1X57Z\"><\/script><\/p>\n\n\n<div class=\"wp-block-image\">\n<figure class=\"aligncenter size-medium\"><img decoding=\"async\" width=\"300\" height=\"300\" src=\"https:\/\/auschwitztoursfromwarsaw.com\/wp-content\/uploads\/2024\/10\/little-sisters-hiding-from-the-Germans-300x300.jpg\" alt=\"kleine Schwestern, die sich vor den Deutschen verstecken\" class=\"wp-image-2484\" srcset=\"https:\/\/auschwitztoursfromwarsaw.com\/wp-content\/uploads\/2024\/10\/little-sisters-hiding-from-the-Germans-300x300.jpg 300w, https:\/\/auschwitztoursfromwarsaw.com\/wp-content\/uploads\/2024\/10\/little-sisters-hiding-from-the-Germans-150x150.jpg 150w, https:\/\/auschwitztoursfromwarsaw.com\/wp-content\/uploads\/2024\/10\/little-sisters-hiding-from-the-Germans-768x768.jpg 768w, https:\/\/auschwitztoursfromwarsaw.com\/wp-content\/uploads\/2024\/10\/little-sisters-hiding-from-the-Germans.jpg 1024w\" sizes=\"(max-width: 300px) 100vw, 300px\" \/><\/figure>\n<\/div>\n\n\n<h4 class=\"wp-block-heading has-text-align-center\">&#8220;\u00dcberleben in Auschwitz&#8221; (Wenn das ein Mann ist) von Primo Levi<\/h4>\n\n\n\n<p class=\"\">In diesem Klassiker erz\u00e4hlt uns Primo Levi von seinen Erfahrungen als italienischer Jude in Auschwitz. Er berichtet minuti\u00f6s \u00fcber das Leben im Lager und den Kampf, angesichts der Entmenschlichung menschlich zu bleiben. <\/p>\n\n\n\n<p class=\"\">Er erforscht die moralischen Komplexit\u00e4ten und den Willen zu \u00fcberleben unter dem NS-Regime. &#8220;\u00dcberleben in Auschwitz&#8221; ist ein gro\u00dfartiges Buch \u00fcber Auschwitz-Birkenau, um die pers\u00f6nliche Seite des Holocaust zu verstehen. <\/p>\n\n\n<div class=\"wp-block-image\">\n<figure class=\"aligncenter size-medium\"><img decoding=\"async\" width=\"300\" height=\"200\" src=\"https:\/\/auschwitztoursfromwarsaw.com\/wp-content\/uploads\/2024\/10\/visiting-Auschwitz-from-Warsaw-300x200.jpg\" alt=\"Besuch von Auschwitz von Warschau aus\" class=\"wp-image-2313\" srcset=\"https:\/\/auschwitztoursfromwarsaw.com\/wp-content\/uploads\/2024\/10\/visiting-Auschwitz-from-Warsaw-300x200.jpg 300w, https:\/\/auschwitztoursfromwarsaw.com\/wp-content\/uploads\/2024\/10\/visiting-Auschwitz-from-Warsaw-1024x683.jpg 1024w, https:\/\/auschwitztoursfromwarsaw.com\/wp-content\/uploads\/2024\/10\/visiting-Auschwitz-from-Warsaw-768x512.jpg 768w, https:\/\/auschwitztoursfromwarsaw.com\/wp-content\/uploads\/2024\/10\/visiting-Auschwitz-from-Warsaw.jpg 1500w\" sizes=\"(max-width: 300px) 100vw, 300px\" \/><\/figure>\n<\/div>\n\n\n<h3 class=\"wp-block-heading has-text-align-center\">Historische Berichte<\/h3>\n\n\n\n<h4 class=\"wp-block-heading has-text-align-center\">&#8220;Auschwitz: Eine neue Geschichte&#8221; von Laurence Rees<\/h4>\n\n\n\n<p class=\"\">Laurence Rees erz\u00e4hlt die au\u00dfergew\u00f6hnliche Geschichte von Auschwitz von seiner Entstehung bis zu seiner Rolle im nationalsozialistischen Vernichtungsprogramm.<\/p>\n\n\n\n<p class=\"\">Anhand von Zeugenaussagen von \u00dcberlebenden und Nationalsozialisten erkl\u00e4rt er, wie Auschwitz zum Symbol des Holocaust wurde.<\/p>\n\n\n\n<p class=\"\">Er befasst sich mit der Mechanik des Lagers, der Umsetzung der und dem Leben der H\u00e4ftlinge im Alltag. Eine Pflichtlekt\u00fcre, um Auschwitz im Kontext des Zweiten Weltkriegs zu verstehen. <\/p>\n\n\n<div class=\"wp-block-image\">\n<figure class=\"aligncenter size-medium\"><img decoding=\"async\" width=\"300\" height=\"300\" src=\"https:\/\/auschwitztoursfromwarsaw.com\/wp-content\/uploads\/2024\/10\/soldier-looking-for-jews-during-the-holocaust-300x300.jpg\" alt=\"Soldat auf der Suche nach Juden w\u00e4hrend des Holocaust\" class=\"wp-image-2478\" srcset=\"https:\/\/auschwitztoursfromwarsaw.com\/wp-content\/uploads\/2024\/10\/soldier-looking-for-jews-during-the-holocaust-300x300.jpg 300w, https:\/\/auschwitztoursfromwarsaw.com\/wp-content\/uploads\/2024\/10\/soldier-looking-for-jews-during-the-holocaust-150x150.jpg 150w, https:\/\/auschwitztoursfromwarsaw.com\/wp-content\/uploads\/2024\/10\/soldier-looking-for-jews-during-the-holocaust-768x768.jpg 768w, https:\/\/auschwitztoursfromwarsaw.com\/wp-content\/uploads\/2024\/10\/soldier-looking-for-jews-during-the-holocaust.jpg 1024w\" sizes=\"(max-width: 300px) 100vw, 300px\" \/><\/figure>\n<\/div>\n\n\n<h4 class=\"wp-block-heading has-text-align-center\">&#8220;Der Holocaust: Eine neue Geschichte&#8221; von Laurence Rees<\/h4>\n\n\n\n<p class=\"\">In dieser leicht verst\u00e4ndlichen Einf\u00fchrung in den Holocaust befasst sich Rees mit den Wurzeln des Antisemitismus und dem Aufstieg Nazi-Deutschlands. Er verfolgt die Abfolge der Ereignisse, die zur Ermordung von sechs Millionen Juden und Millionen anderer f\u00fchrten. <\/p>\n\n\n\n<p class=\"\">Das Buch verbindet historische Analysen mit pers\u00f6nlichen Geschichten, um das Ausma\u00df des NS-Regimes in West- und Osteuropa zu zeigen.<\/p>\n\n\n\n<p class=\"\">Wir empfehlen dieses Buch \u00fcber den Holocaust jedem, der die Ursachen und Auswirkungen in unserer heutigen Welt verstehen m\u00f6chte.<\/p>\n\n\n<div class=\"wp-block-image\">\n<figure class=\"aligncenter size-medium\"><img decoding=\"async\" width=\"300\" height=\"224\" src=\"https:\/\/auschwitztoursfromwarsaw.com\/wp-content\/uploads\/2024\/10\/Beds-at-Auschwitz-Birkenau-300x224.jpg\" alt=\"Betten in Auschwitz-Birkenau\" class=\"wp-image-2333\" srcset=\"https:\/\/auschwitztoursfromwarsaw.com\/wp-content\/uploads\/2024\/10\/Beds-at-Auschwitz-Birkenau-300x224.jpg 300w, https:\/\/auschwitztoursfromwarsaw.com\/wp-content\/uploads\/2024\/10\/Beds-at-Auschwitz-Birkenau-1024x763.jpg 1024w, https:\/\/auschwitztoursfromwarsaw.com\/wp-content\/uploads\/2024\/10\/Beds-at-Auschwitz-Birkenau-768x572.jpg 768w, https:\/\/auschwitztoursfromwarsaw.com\/wp-content\/uploads\/2024\/10\/Beds-at-Auschwitz-Birkenau.jpg 1500w\" sizes=\"(max-width: 300px) 100vw, 300px\" \/><\/figure>\n<\/div>\n\n\n<h4 class=\"wp-block-heading has-text-align-center\">&#8220;Auschwitz und die Alliierten&#8221; von Martin Gilbert<\/h4>\n\n\n\n<p class=\"\">Martin Gilbert untersucht, was die Alliierten w\u00e4hrend des Zweiten Weltkriegs \u00fcber Auschwitz wussten. Er befasst sich mit den gesammelten Geheimdienstinformationen, den Reaktionen (oder dem Fehlen derselben) der alliierten Regierungen und den moralischen Fragen, die durch ihr Handeln aufgeworfen wurden. <\/p>\n\n\n\n<p class=\"\">Seine Forschung wirft wichtige Fragen zu internationaler Verantwortung und Intervention auf. Eine Pflichtlekt\u00fcre, um den globalen Kontext des Holocaust und die Politik des Krieges zu verstehen. <\/p>\n\n\n<div class=\"wp-block-image\">\n<figure class=\"aligncenter size-medium\"><img decoding=\"async\" width=\"300\" height=\"300\" src=\"https:\/\/auschwitztoursfromwarsaw.com\/wp-content\/uploads\/2024\/10\/woman-sleeping-in-the-snow-at-Auschwitz-300x300.jpg\" alt=\"Frau, die in Auschwitz im Schnee schl\u00e4ft\" class=\"wp-image-2480\" srcset=\"https:\/\/auschwitztoursfromwarsaw.com\/wp-content\/uploads\/2024\/10\/woman-sleeping-in-the-snow-at-Auschwitz-300x300.jpg 300w, https:\/\/auschwitztoursfromwarsaw.com\/wp-content\/uploads\/2024\/10\/woman-sleeping-in-the-snow-at-Auschwitz-150x150.jpg 150w, https:\/\/auschwitztoursfromwarsaw.com\/wp-content\/uploads\/2024\/10\/woman-sleeping-in-the-snow-at-Auschwitz-768x768.jpg 768w, https:\/\/auschwitztoursfromwarsaw.com\/wp-content\/uploads\/2024\/10\/woman-sleeping-in-the-snow-at-Auschwitz.jpg 1024w\" sizes=\"(max-width: 300px) 100vw, 300px\" \/><\/figure>\n<\/div>\n\n\n<h4 class=\"wp-block-heading has-text-align-center\">&#8220;KL: Eine Geschichte der nationalsozialistischen Konzentrationslager&#8221; von Nikolaus Wachsmann<\/h4>\n\n\n\n<p class=\"\">Nikolaus Wachsmann taucht tief in die Geschichte des nationalsozialistischen Konzentrationslagersystems ein, das als &#8220;KL&#8221; (Konzentrationslager) bekannt ist. Es geht nicht nur um Auschwitz, sondern auch um andere Lager, die Teil der nationalsozialistischen Unterdr\u00fcckungsmaschinerie waren. <\/p>\n\n\n\n<p class=\"\">Wachsmann befasst sich mit der Entwicklung, der Organisation und dem Alltag in den Lagern, mit dem Leben von H\u00e4ftlingen und W\u00e4rtern.<\/p>\n\n\n\n<p class=\"\">Dieses Buch zeigt, wie die Lager eine zentrale Rolle bei der Kontrolle und Verfolgung durch das NS-Regime spielten, nicht nur von j\u00fcdischen Opfern, sondern auch von politischen Gefangenen und anderen Zielgruppen.<\/p>\n\n\n<div class=\"wp-block-image\">\n<figure class=\"aligncenter size-medium\"><img decoding=\"async\" width=\"300\" height=\"200\" src=\"https:\/\/auschwitztoursfromwarsaw.com\/wp-content\/uploads\/2024\/10\/Barracks-at-Auschwitz-on-a-sunny-day-300x200.jpg\" alt=\"Baracke in Auschwitz an einem sonnigen Tag\" class=\"wp-image-2434\" srcset=\"https:\/\/auschwitztoursfromwarsaw.com\/wp-content\/uploads\/2024\/10\/Barracks-at-Auschwitz-on-a-sunny-day-300x200.jpg 300w, https:\/\/auschwitztoursfromwarsaw.com\/wp-content\/uploads\/2024\/10\/Barracks-at-Auschwitz-on-a-sunny-day-1024x683.jpg 1024w, https:\/\/auschwitztoursfromwarsaw.com\/wp-content\/uploads\/2024\/10\/Barracks-at-Auschwitz-on-a-sunny-day-768x512.jpg 768w, https:\/\/auschwitztoursfromwarsaw.com\/wp-content\/uploads\/2024\/10\/Barracks-at-Auschwitz-on-a-sunny-day.jpg 1500w\" sizes=\"(max-width: 300px) 100vw, 300px\" \/><\/figure>\n<\/div>\n\n\n<h3 class=\"wp-block-heading has-text-align-center\">Fiktion, die von realen Ereignissen inspiriert ist<\/h3>\n\n\n\n<h4 class=\"wp-block-heading has-text-align-center\">&#8220;Der T\u00e4towierer von Auschwitz&#8221; von Heather Morris<\/h4>\n\n\n\n<p class=\"\">Basierend auf der wahren Geschichte von Lale Sokolov, einer slowakischen J\u00fcdin, handelt dieses Buch von dem T\u00e4towierer, der H\u00e4ftlinge in Auschwitz t\u00e4towierte.<\/p>\n\n\n\n<p class=\"\">Inmitten des Horrors verliebt sich Lale in Gita, eine Mitgefangene, und zeigt uns eine kraftvolle Geschichte von Liebe und Hoffnung. Heather Morris erweckt die t\u00e4glichen K\u00e4mpfe und Taten der Freundlichkeit zum Leben, die selbst in den dunkelsten Zeiten geschahen. <\/p>\n\n\n\n<p class=\"\">Diese erstaunliche Geschichte handelt vom menschlichen Geist und der Liebe im Angesicht unm\u00f6glicher Widrigkeiten.<\/p>\n\n\n<div class=\"wp-block-image\">\n<figure class=\"aligncenter size-medium\"><img decoding=\"async\" width=\"300\" height=\"300\" src=\"https:\/\/auschwitztoursfromwarsaw.com\/wp-content\/uploads\/2024\/10\/Sisters-hiding-during-the-second-world-war-300x300.jpg\" alt=\"Schwestern, die sich w\u00e4hrend des Zweiten Weltkriegs verstecken\" class=\"wp-image-2477\" srcset=\"https:\/\/auschwitztoursfromwarsaw.com\/wp-content\/uploads\/2024\/10\/Sisters-hiding-during-the-second-world-war-300x300.jpg 300w, https:\/\/auschwitztoursfromwarsaw.com\/wp-content\/uploads\/2024\/10\/Sisters-hiding-during-the-second-world-war-150x150.jpg 150w, https:\/\/auschwitztoursfromwarsaw.com\/wp-content\/uploads\/2024\/10\/Sisters-hiding-during-the-second-world-war-768x768.jpg 768w, https:\/\/auschwitztoursfromwarsaw.com\/wp-content\/uploads\/2024\/10\/Sisters-hiding-during-the-second-world-war.jpg 1024w\" sizes=\"(max-width: 300px) 100vw, 300px\" \/><\/figure>\n<\/div>\n\n\n<h4 class=\"wp-block-heading has-text-align-center\">&#8220;Schindlers Liste&#8221; von Thomas Keneally<\/h4>\n\n\n\n<p class=\"\">Thomas Keneally erz\u00e4hlt die wahre Geschichte von Oskar Schindler, einem deutschen Industriellen, der \u00fcber tausend Juden rettete, indem er sie in seinen Fabriken besch\u00e4ftigte.<\/p>\n\n\n\n<p class=\"\">Das Buch handelt von Schindlers Wandlung vom knallharten Gesch\u00e4ftsmann zum Retter, der sein Leben gegen das NS-Regime riskierte.<\/p>\n\n\n\n<p class=\"\">Durch Keneallys Erz\u00e4hlweise sehen wir, wie eine einzelne Person in Zeiten moralischer Krisen einen Unterschied machen kann. In &#8220;Schindlers Liste&#8221; geht es um Mut, Mitgef\u00fchl und den menschlichen Zustand w\u00e4hrend des Holocaust. <\/p>\n\n\n<div class=\"wp-block-image\">\n<figure class=\"aligncenter size-medium\"><img decoding=\"async\" width=\"300\" height=\"300\" src=\"https:\/\/auschwitztoursfromwarsaw.com\/wp-content\/uploads\/2024\/10\/woman-playing-violin-during-world-war-ii-300x300.jpg\" alt=\"Frau, die w\u00e4hrend des Zweiten Weltkriegs Geige spielt\" class=\"wp-image-2479\" srcset=\"https:\/\/auschwitztoursfromwarsaw.com\/wp-content\/uploads\/2024\/10\/woman-playing-violin-during-world-war-ii-300x300.jpg 300w, https:\/\/auschwitztoursfromwarsaw.com\/wp-content\/uploads\/2024\/10\/woman-playing-violin-during-world-war-ii-150x150.jpg 150w, https:\/\/auschwitztoursfromwarsaw.com\/wp-content\/uploads\/2024\/10\/woman-playing-violin-during-world-war-ii-768x768.jpg 768w, https:\/\/auschwitztoursfromwarsaw.com\/wp-content\/uploads\/2024\/10\/woman-playing-violin-during-world-war-ii.jpg 1024w\" sizes=\"(max-width: 300px) 100vw, 300px\" \/><\/figure>\n<\/div>\n\n\n<h4 class=\"wp-block-heading has-text-align-center\">&#8220;Der Junge im gestreiften Pyjama&#8221; von John Boyne<\/h4>\n\n\n\n<p class=\"\">In diesem Buch geht es um Bruno, den neunj\u00e4hrigen Sohn eines Nazi-Kommandanten, der sich mit dem j\u00fcdischen Jungen Shmuel in Auschwitz anfreundet.<\/p>\n\n\n\n<p class=\"\">Mit den Augen eines Kindes sehen wir die Absurdit\u00e4t und den Schrecken des Holocaust. John Boyne zeigt uns eine sch\u00f6ne Geschichte, die uns \u00fcber Unschuld, Ignoranz und die willk\u00fcrlichen Spaltungen nachdenken l\u00e4sst, die durch Vorurteile geschaffen werden. <\/p>\n\n\n\n<p class=\"\">Obwohl es fiktiv ist, ist es eine eindringliche Erinnerung an den menschlichen Preis von Hass und die Bedeutung von Mitgef\u00fchl.<\/p>\n\n\n<div class=\"wp-block-image\">\n<figure class=\"aligncenter size-medium\"><img decoding=\"async\" width=\"300\" height=\"300\" src=\"https:\/\/auschwitztoursfromwarsaw.com\/wp-content\/uploads\/2024\/10\/little-boy-alone-hiding-from-the-war-during-the-holocaust-300x300.jpg\" alt=\"Kleiner Junge allein, der sich w\u00e4hrend des Holocaust vor dem Krieg versteckt\" class=\"wp-image-2485\" srcset=\"https:\/\/auschwitztoursfromwarsaw.com\/wp-content\/uploads\/2024\/10\/little-boy-alone-hiding-from-the-war-during-the-holocaust-300x300.jpg 300w, https:\/\/auschwitztoursfromwarsaw.com\/wp-content\/uploads\/2024\/10\/little-boy-alone-hiding-from-the-war-during-the-holocaust-150x150.jpg 150w, https:\/\/auschwitztoursfromwarsaw.com\/wp-content\/uploads\/2024\/10\/little-boy-alone-hiding-from-the-war-during-the-holocaust-768x768.jpg 768w, https:\/\/auschwitztoursfromwarsaw.com\/wp-content\/uploads\/2024\/10\/little-boy-alone-hiding-from-the-war-during-the-holocaust.jpg 1024w\" sizes=\"(max-width: 300px) 100vw, 300px\" \/><\/figure>\n<\/div>\n\n\n<h3 class=\"wp-block-heading has-text-align-center\">Vertiefende Holocaust-Studien<\/h3>\n\n\n\n<h4 class=\"wp-block-heading has-text-align-center\">&#8220;Die Vernichtung der europ\u00e4ischen Juden&#8221; von Raul Hilberg<\/h4>\n\n\n\n<p class=\"\">Raul Hilbergs Klassiker befasst sich mit der Mechanik des Holocaust und konzentriert sich auf die Prozesse, die zur Vernichtung der europ\u00e4ischen Juden f\u00fchrten. Er befasst sich mit den Institutionen, B\u00fcrokratien und Personen, die an der beteiligt sind. <\/p>\n\n\n\n<p class=\"\">Hilbergs Forschung ist gr\u00fcndlich und zeigt, wie gew\u00f6hnliche Systeme genutzt wurden, um V\u00f6lkermord zu begehen.<\/p>\n\n\n<div class=\"wp-block-image\">\n<figure class=\"aligncenter size-medium\"><img decoding=\"async\" width=\"300\" height=\"300\" src=\"https:\/\/auschwitztoursfromwarsaw.com\/wp-content\/uploads\/2024\/10\/boys-hiding-during-the-holocaust-300x300.jpg\" alt=\"Jungen, die sich w\u00e4hrend des Holocaust verstecken\" class=\"wp-image-2487\" srcset=\"https:\/\/auschwitztoursfromwarsaw.com\/wp-content\/uploads\/2024\/10\/boys-hiding-during-the-holocaust-300x300.jpg 300w, https:\/\/auschwitztoursfromwarsaw.com\/wp-content\/uploads\/2024\/10\/boys-hiding-during-the-holocaust-150x150.jpg 150w, https:\/\/auschwitztoursfromwarsaw.com\/wp-content\/uploads\/2024\/10\/boys-hiding-during-the-holocaust-768x768.jpg 768w, https:\/\/auschwitztoursfromwarsaw.com\/wp-content\/uploads\/2024\/10\/boys-hiding-during-the-holocaust.jpg 1024w\" sizes=\"(max-width: 300px) 100vw, 300px\" \/><\/figure>\n<\/div>\n\n\n<h4 class=\"wp-block-heading has-text-align-center\">&#8220;Gew\u00f6hnliche M\u00e4nner: Das Reserve-Polizeibataillon 101 und die in Polen&#8221; von Christopher Browning<\/h4>\n\n\n\n<p class=\"\">Christopher Browning untersucht, wie gew\u00f6hnliche deutsche M\u00e4nner aus dem Reserve-Polizeibataillon 101 in Polen zu Massenm\u00f6rdern wurden.<\/p>\n\n\n\n<p class=\"\">Anhand historischer Aufzeichnungen und Zeugenaussagen erforscht er, wie sich diese M\u00e4nner ver\u00e4nderten.<\/p>\n\n\n\n<p class=\"\">Das Buch befasst sich mit Konformit\u00e4t, Gehorsam und der F\u00e4higkeit zum B\u00f6sen bei gew\u00f6hnlichen Menschen. Browning wirft wichtige Fragen zu Moral, Autorit\u00e4t und pers\u00f6nlicher Verantwortung in der NS-Zeit auf. <\/p>\n\n\n<div data-gyg-href=\"https:\/\/widget.getyourguide.com\/default\/activities.frame\" data-gyg-locale-code=\"de-DE\" data-gyg-widget=\"activities\" data-gyg-number-of-items=\"4\" data-gyg-partner-id=\"BD1X57Z\" data-gyg-q=\"warsaw old town\"><span>Powered by <a target=\"_blank\" rel=\"sponsored noopener\" href=\"https:\/\/www.getyourguide.com\/-t138725\">GetYourGuide<\/a><\/span><\/div>\n<p><!-- GetYourGuide Analytics --><\/p>\n<p><script async defer src=\"https:\/\/widget.getyourguide.com\/dist\/pa.umd.production.min.js\" data-gyg-partner-id=\"BD1X57Z\"><\/script><\/p>\n\n\n<div class=\"wp-block-image\">\n<figure class=\"aligncenter size-medium\"><img decoding=\"async\" width=\"300\" height=\"300\" src=\"https:\/\/auschwitztoursfromwarsaw.com\/wp-content\/uploads\/2024\/10\/family-in-a-dark-house-hiding-during-second-world-war-300x300.jpg\" alt=\"Familie in einem dunklen Haus, das sich w\u00e4hrend des Zweiten Weltkriegs versteckt\" class=\"wp-image-2486\" srcset=\"https:\/\/auschwitztoursfromwarsaw.com\/wp-content\/uploads\/2024\/10\/family-in-a-dark-house-hiding-during-second-world-war-300x300.jpg 300w, https:\/\/auschwitztoursfromwarsaw.com\/wp-content\/uploads\/2024\/10\/family-in-a-dark-house-hiding-during-second-world-war-150x150.jpg 150w, https:\/\/auschwitztoursfromwarsaw.com\/wp-content\/uploads\/2024\/10\/family-in-a-dark-house-hiding-during-second-world-war-768x768.jpg 768w, https:\/\/auschwitztoursfromwarsaw.com\/wp-content\/uploads\/2024\/10\/family-in-a-dark-house-hiding-during-second-world-war.jpg 1024w\" sizes=\"(max-width: 300px) 100vw, 300px\" \/><\/figure>\n<\/div>\n\n\n<h4 class=\"wp-block-heading has-text-align-center\">&#8220;Hitlers willige Henker&#8221; von Daniel Goldhagen<\/h4>\n\n\n\n<p class=\"\">Daniel Goldhagen argumentiert in seinem Buch, dass eine besondere Art von &#8220;eliminatorischem Antisemitismus&#8221; in der deutschen Gesellschaft gew\u00f6hnliche Deutsche bereit machte, sich am Holocaust zu beteiligen. Er hinterfragt bisherige Interpretationen, indem er die Rolle weit verbreiteter gesellschaftlicher \u00dcberzeugungen in den Blick nimmt. <\/p>\n\n\n\n<p class=\"\">Das Buch wirft Fragen nach den Beweggr\u00fcnden und dem Ausma\u00df der Kollektivschuld auf. In der Wissenschaft umstritten, aber eine wichtige Erg\u00e4nzung zur Holocaust-Forschung, regt es zum Nachdenken \u00fcber die vielen Faktoren an, die V\u00f6lkermord erm\u00f6glichen. <\/p>\n\n\n<div class=\"wp-block-image\">\n<figure class=\"aligncenter size-medium\"><img decoding=\"async\" width=\"300\" height=\"300\" src=\"https:\/\/auschwitztoursfromwarsaw.com\/wp-content\/uploads\/2024\/10\/Auschwitz-books-300x300.jpg\" alt=\"Auschwitz-B\u00fccher\" class=\"wp-image-2483\" srcset=\"https:\/\/auschwitztoursfromwarsaw.com\/wp-content\/uploads\/2024\/10\/Auschwitz-books-300x300.jpg 300w, https:\/\/auschwitztoursfromwarsaw.com\/wp-content\/uploads\/2024\/10\/Auschwitz-books-150x150.jpg 150w, https:\/\/auschwitztoursfromwarsaw.com\/wp-content\/uploads\/2024\/10\/Auschwitz-books-768x768.jpg 768w, https:\/\/auschwitztoursfromwarsaw.com\/wp-content\/uploads\/2024\/10\/Auschwitz-books.jpg 1024w\" sizes=\"(max-width: 300px) 100vw, 300px\" \/><\/figure>\n<\/div>\n\n\n<h3 class=\"wp-block-heading has-text-align-center\">Erfahrungen von Frauen im Holocaust<\/h3>\n\n\n\n<h4 class=\"wp-block-heading has-text-align-center\">&#8220;Renas Versprechen: Eine Geschichte von Schwestern in Auschwitz&#8221; von Rena Kornreich Gelissen<\/h4>\n\n\n\n<p class=\"\">Rena Kornreich Gelissen \u00fcberlebte Auschwitz mit ihrer Schwester Danka. Als eine der ersten j\u00fcdischen Frauen, die ins Lager geschickt wurden, erz\u00e4hlt Rena die Geschichte ihrer t\u00e4glichen K\u00e4mpfe und wie sie sich gegenseitig unterst\u00fctzten. <\/p>\n\n\n\n<p class=\"\">Die Memoiren handeln von den besonderen Erfahrungen und Herausforderungen von Frauen w\u00e4hrend des Holocaust.<\/p>\n\n\n\n<p class=\"\">Renas Geschichte handelt von der unzerbrechlichen Bindung der Familie und der Kraft, die man braucht, um in einer der brutalsten Umgebungen der Geschichte zu \u00fcberleben.<\/p>\n\n\n<div class=\"wp-block-image\">\n<figure class=\"aligncenter size-medium\"><img decoding=\"async\" width=\"300\" height=\"200\" src=\"https:\/\/auschwitztoursfromwarsaw.com\/wp-content\/uploads\/2024\/10\/day-trips-to-Auschwitz-from-Warsaw-300x200.jpg\" alt=\"Tagesausfl\u00fcge nach Auschwitz ab Warschau\" class=\"wp-image-2319\" srcset=\"https:\/\/auschwitztoursfromwarsaw.com\/wp-content\/uploads\/2024\/10\/day-trips-to-Auschwitz-from-Warsaw-300x200.jpg 300w, https:\/\/auschwitztoursfromwarsaw.com\/wp-content\/uploads\/2024\/10\/day-trips-to-Auschwitz-from-Warsaw-1024x683.jpg 1024w, https:\/\/auschwitztoursfromwarsaw.com\/wp-content\/uploads\/2024\/10\/day-trips-to-Auschwitz-from-Warsaw-768x512.jpg 768w, https:\/\/auschwitztoursfromwarsaw.com\/wp-content\/uploads\/2024\/10\/day-trips-to-Auschwitz-from-Warsaw.jpg 1500w\" sizes=\"(max-width: 300px) 100vw, 300px\" \/><\/figure>\n<\/div>\n\n\n<h4 class=\"wp-block-heading has-text-align-center\">&#8220;Lilac Girls&#8221; von Martha Hall Kelly<\/h4>\n\n\n\n<p class=\"\">&#8220;Lilac Girls&#8221; ist ein historischer Roman, der die Geschichten von drei Frauen \u2013 einer New Yorker Prominenten, einem polnischen Teenager und einer deutschen \u00c4rztin \u2013 w\u00e4hrend des Zweiten Weltkriegs miteinander verwebt. Das Buch befasst sich mit den Gr\u00e4ueltaten, die in Ravensbr\u00fcck, einem Konzentrationslager f\u00fcr Frauen, geschahen. <\/p>\n\n\n\n<p class=\"\">Martha Hall Kelly erforscht anhand von Figuren aus dem wirklichen Leben Mut, Erl\u00f6sung und den menschlichen Zustand.<\/p>\n\n\n\n<p class=\"\">Dieses Buch befasst sich mit den oft \u00fcbersehenen Erfahrungen von Frauen und den Auswirkungen des Holocaust auf ihr Leben.<\/p>\n\n\n<div class=\"wp-block-image\">\n<figure class=\"aligncenter size-medium\"><img decoding=\"async\" width=\"300\" height=\"200\" src=\"https:\/\/auschwitztoursfromwarsaw.com\/wp-content\/uploads\/2024\/10\/taking-a-daily-trip-to-Auschwitz-from-Warsaw-300x200.jpg\" alt=\"T\u00e4glicher Ausflug von Warschau nach Auschwitz\" class=\"wp-image-2317\" srcset=\"https:\/\/auschwitztoursfromwarsaw.com\/wp-content\/uploads\/2024\/10\/taking-a-daily-trip-to-Auschwitz-from-Warsaw-300x200.jpg 300w, https:\/\/auschwitztoursfromwarsaw.com\/wp-content\/uploads\/2024\/10\/taking-a-daily-trip-to-Auschwitz-from-Warsaw-1024x683.jpg 1024w, https:\/\/auschwitztoursfromwarsaw.com\/wp-content\/uploads\/2024\/10\/taking-a-daily-trip-to-Auschwitz-from-Warsaw-768x512.jpg 768w, https:\/\/auschwitztoursfromwarsaw.com\/wp-content\/uploads\/2024\/10\/taking-a-daily-trip-to-Auschwitz-from-Warsaw.jpg 1500w\" sizes=\"(max-width: 300px) 100vw, 300px\" \/><\/figure>\n<\/div>\n\n\n<h3 class=\"wp-block-heading has-text-align-center\">Weniger bekannte Perspektiven<\/h3>\n\n\n\n<h4 class=\"wp-block-heading has-text-align-center\">&#8220;Der Bibliothekar von Auschwitz&#8221; von Antonio Iturbe<\/h4>\n\n\n\n<p class=\"\">Basierend auf der wahren Geschichte von Dita Kraus geht es in diesem Buch um ein M\u00e4dchen, das Bibliothekarin einer Geheimschule in Auschwitz wird.<\/p>\n\n\n\n<p class=\"\">Sie riskiert ihr Leben, um ein paar B\u00fccher zu retten, Dita ist die Verk\u00f6rperung von Wissen und Bildung als Formen des Widerstands.<\/p>\n\n\n\n<p class=\"\">Antonio Iturbe zeigt, wie Hoffnung und intellektuelle Freiheit ein m\u00e4chtiges Werkzeug gegen Unterdr\u00fcckung sein k\u00f6nnen. So k\u00f6nnen kleine Akte der Rebellion in dunklen Zeiten gro\u00df sein. <\/p>\n\n\n<div class=\"wp-block-image\">\n<figure class=\"aligncenter size-medium\"><img decoding=\"async\" width=\"300\" height=\"300\" src=\"https:\/\/auschwitztoursfromwarsaw.com\/wp-content\/uploads\/2024\/10\/children-hiding-in-a-house-300x300.jpg\" alt=\"Kinder, die sich in einem Haus verstecken\" class=\"wp-image-2489\" srcset=\"https:\/\/auschwitztoursfromwarsaw.com\/wp-content\/uploads\/2024\/10\/children-hiding-in-a-house-300x300.jpg 300w, https:\/\/auschwitztoursfromwarsaw.com\/wp-content\/uploads\/2024\/10\/children-hiding-in-a-house-150x150.jpg 150w, https:\/\/auschwitztoursfromwarsaw.com\/wp-content\/uploads\/2024\/10\/children-hiding-in-a-house-768x768.jpg 768w, https:\/\/auschwitztoursfromwarsaw.com\/wp-content\/uploads\/2024\/10\/children-hiding-in-a-house.jpg 1024w\" sizes=\"(max-width: 300px) 100vw, 300px\" \/><\/figure>\n<\/div>\n\n\n<h4 class=\"wp-block-heading has-text-align-center\">&#8220;Irenas Kinder&#8221; von Tilar J. Mazzeo<\/h4>\n\n\n\n<p class=\"\">&#8220;Irenas Kinder&#8221; erz\u00e4hlt die Geschichte von Irena Sendler, einer polnischen Sozialarbeiterin, die \u00fcber 2.500 j\u00fcdische Kinder aus dem Warschauer Ghetto gerettet hat. Tilar J. Mazzeo erkl\u00e4rt, wie Irena und ihr Netzwerk Kinder in Sicherheit brachten und ihnen neue Namen und Hoffnung auf eine Zukunft gaben. <\/p>\n\n\n\n<p class=\"\">Das Buch feiert einfache Menschen, die alles riskierten, um dem NS-Regime zu trotzen. Irenas Geschichte ist eine Erinnerung daran, was eine Person tun kann, um das B\u00f6se zu stoppen. <\/p>\n\n\n<div class=\"wp-block-image\">\n<figure class=\"aligncenter size-medium\"><img decoding=\"async\" width=\"300\" height=\"300\" src=\"https:\/\/auschwitztoursfromwarsaw.com\/wp-content\/uploads\/2024\/10\/children-hiding-from-soldier-300x300.jpg\" alt=\"Kinder, die sich vor dem Soldaten verstecken\" class=\"wp-image-2492\" srcset=\"https:\/\/auschwitztoursfromwarsaw.com\/wp-content\/uploads\/2024\/10\/children-hiding-from-soldier-300x300.jpg 300w, https:\/\/auschwitztoursfromwarsaw.com\/wp-content\/uploads\/2024\/10\/children-hiding-from-soldier-150x150.jpg 150w, https:\/\/auschwitztoursfromwarsaw.com\/wp-content\/uploads\/2024\/10\/children-hiding-from-soldier-768x768.jpg 768w, https:\/\/auschwitztoursfromwarsaw.com\/wp-content\/uploads\/2024\/10\/children-hiding-from-soldier.jpg 1024w\" sizes=\"(max-width: 300px) 100vw, 300px\" \/><\/figure>\n<\/div>\n\n\n<h4 class=\"wp-block-heading has-text-align-center\">&#8220;Der Freiwillige von Auschwitz: Jenseits der Tapferkeit&#8221; von Witold Pilecki<\/h4>\n\n\n\n<p class=\"\">Die Geschichte von Witold Pilecki, einem polnischen Armeeoffizier, der sich freiwillig in Auschwitz inhaftieren lie\u00df, um Informationen zu sammeln und den Widerstand zu organisieren.<\/p>\n\n\n\n<p class=\"\">Seine Berichte waren die ersten, die die Alliierten \u00fcber die Vorg\u00e4nge im Lager informierten.<\/p>\n\n\n\n<p class=\"\">Pileckis Mut und Engagement sind ein einzigartiger Blick auf den inneren Widerstand gegen die Nazis. Seine Geschichte zeigt, wie Mut genutzt werden kann, um gegen Unterdr\u00fcckung von innen heraus zu k\u00e4mpfen. <\/p>\n\n\n<div class=\"wp-block-image\">\n<figure class=\"aligncenter size-medium\"><img decoding=\"async\" width=\"300\" height=\"300\" src=\"https:\/\/auschwitztoursfromwarsaw.com\/wp-content\/uploads\/2024\/10\/soldiers-checking-a-boy-diary-300x300.jpg\" alt=\"Soldaten, die das Tagebuch eines Jungen \u00fcberpr\u00fcfen\" class=\"wp-image-2490\" srcset=\"https:\/\/auschwitztoursfromwarsaw.com\/wp-content\/uploads\/2024\/10\/soldiers-checking-a-boy-diary-300x300.jpg 300w, https:\/\/auschwitztoursfromwarsaw.com\/wp-content\/uploads\/2024\/10\/soldiers-checking-a-boy-diary-150x150.jpg 150w, https:\/\/auschwitztoursfromwarsaw.com\/wp-content\/uploads\/2024\/10\/soldiers-checking-a-boy-diary-768x768.jpg 768w, https:\/\/auschwitztoursfromwarsaw.com\/wp-content\/uploads\/2024\/10\/soldiers-checking-a-boy-diary.jpg 1024w\" sizes=\"(max-width: 300px) 100vw, 300px\" \/><\/figure>\n<\/div>\n\n\n<h4 class=\"wp-block-heading has-text-align-center\">&#8220;Die verborgenen Kinder&#8221; von Jane Marks<\/h4>\n\n\n\n<p class=\"\">Jane Marks sammelt die Geschichten j\u00fcdischer Kinder, die den Holocaust \u00fcberlebten, indem sie sich auf Dachb\u00f6den und Scheunen versteckten oder falsche Identit\u00e4ten annahmen.<\/p>\n\n\n\n<p class=\"\">Diese Geschichten zeigen die Angst, die Verwirrung und den Verlust der j\u00fcngsten Opfer der NS-Verfolgung. Das Buch handelt von der Widerstandsf\u00e4higkeit von Kindern, die trotz des Verlusts ihrer Kindheit einen Weg zum \u00dcberleben gefunden haben. <\/p>\n\n\n\n<p class=\"\">Es ist ein Muss, um die pers\u00f6nlichen Kosten des Holocaust f\u00fcr seine verletzlichsten Opfer zu verstehen.<\/p>\n\n\n<div class=\"wp-block-image\">\n<figure class=\"aligncenter size-medium\"><img decoding=\"async\" width=\"300\" height=\"300\" src=\"https:\/\/auschwitztoursfromwarsaw.com\/wp-content\/uploads\/2024\/10\/soldiers-during-world-war-ii-300x300.jpg\" alt=\"Soldaten im Zweiten Weltkrieg\" class=\"wp-image-2491\" srcset=\"https:\/\/auschwitztoursfromwarsaw.com\/wp-content\/uploads\/2024\/10\/soldiers-during-world-war-ii-300x300.jpg 300w, https:\/\/auschwitztoursfromwarsaw.com\/wp-content\/uploads\/2024\/10\/soldiers-during-world-war-ii-150x150.jpg 150w, https:\/\/auschwitztoursfromwarsaw.com\/wp-content\/uploads\/2024\/10\/soldiers-during-world-war-ii-768x768.jpg 768w, https:\/\/auschwitztoursfromwarsaw.com\/wp-content\/uploads\/2024\/10\/soldiers-during-world-war-ii.jpg 1024w\" sizes=\"(max-width: 300px) 100vw, 300px\" \/><\/figure>\n<\/div>\n\n\n<h2 class=\"wp-block-heading has-text-align-center\">Kriterien f\u00fcr die Auswahl dieser B\u00fccher<\/h2>\n\n\n\n<p class=\"\">Die B\u00fccher sind eine Mischung aus Memoiren, historischen Berichten, Fiktion, die auf wahren Begebenheiten basiert, und eingehenden Recherchen. Sie bieten unterschiedliche Perspektiven \u2013 von \u00dcberlebenden, die ihre Geschichten erz\u00e4hlen, bis hin zu Historikern, die die Mechanismen der erkl\u00e4ren. <\/p>\n\n\n\n<p class=\"\">Jedes Buch wird aufgrund seines informativen, lehrreichen und emotionalen Inhalts \u00fcber Auschwitz, den Holocaust und den Zweiten Weltkrieg ausgew\u00e4hlt.<\/p>\n\n\n\n<h3 class=\"wp-block-heading has-text-align-center\">Warum sind die B\u00fccher von Auschwitz so wichtig?<\/h3>\n\n\n\n<p class=\"\">Die B\u00fccher \u00fcber Auschwitz tauchen tief in einen der dunkelsten Teile der Menschheitsgeschichte ein, den Holocaust. Dabei geht es nicht nur um die Vergangenheit; Es geht um \u00dcberleben, Mut und den Kampf f\u00fcr Gerechtigkeit. <\/p>\n\n\n\n<p class=\"\">Sie zeigen, was die Menschen durchgemacht haben und was sie tun mussten, um zu \u00fcberleben, und wir empfehlen dringend, sie zu lesen, bevor Sie an einer <strong><a href=\"https:\/\/auschwitztoursfromwarsaw.com\/de\/\" target=\"_blank\" rel=\"noreferrer noopener\">tour nach Auschwitz von Warschau<\/a><\/strong> oder Krakau aus teilnehmen.<\/p>\n\n\n<div class=\"wp-block-image\">\n<figure class=\"aligncenter size-large\"><img decoding=\"async\" width=\"1024\" height=\"683\" src=\"https:\/\/auschwitztoursfromwarsaw.com\/wp-content\/uploads\/2024\/10\/Auschwitz-concentration-camps-in-the-wintertime-1024x683.jpg\" alt=\"Konzentrationslager Auschwitz im Winter\" class=\"wp-image-2436\" srcset=\"https:\/\/auschwitztoursfromwarsaw.com\/wp-content\/uploads\/2024\/10\/Auschwitz-concentration-camps-in-the-wintertime-1024x683.jpg 1024w, https:\/\/auschwitztoursfromwarsaw.com\/wp-content\/uploads\/2024\/10\/Auschwitz-concentration-camps-in-the-wintertime-300x200.jpg 300w, https:\/\/auschwitztoursfromwarsaw.com\/wp-content\/uploads\/2024\/10\/Auschwitz-concentration-camps-in-the-wintertime-768x512.jpg 768w, https:\/\/auschwitztoursfromwarsaw.com\/wp-content\/uploads\/2024\/10\/Auschwitz-concentration-camps-in-the-wintertime.jpg 1500w\" sizes=\"(max-width: 1024px) 100vw, 1024px\" \/><\/figure>\n<\/div>\n\n\n<h3 class=\"wp-block-heading has-text-align-center\">Warum sollten Sie B\u00fccher \u00fcber Auschwitz lesen?<\/h3>\n\n\n\n<p class=\"\">Die Lekt\u00fcre \u00fcber Auschwitz hilft Ihnen, den Holocaust zu verstehen und zu verstehen, was er Millionen von Menschen angetan hat. Diese lehren Sie nicht nur Geschichte; Sie helfen dir zu f\u00fchlen, was passiert ist und warum wir niemals vergessen d\u00fcrfen. <\/p>\n\n\n\n<p class=\"\">Einige der B\u00fccher sind wirklich gut, mit einer guten Geschichte, aber seien Sie darauf vorbereitet, etwas Trauer zu empfinden. Sie sind nicht nur lehrreich, sondern auch als gro\u00dfartige Kunstwerke lesenswert. <\/p>\n\n\n\n<h2 class=\"wp-block-heading has-text-align-center\">Schlussfolgerung<\/h2>\n\n\n\n<p class=\"\">Die Lekt\u00fcre all dieser B\u00fccher \u00fcber den Holocaust ist wichtig, um nicht nur die historischen Ereignisse, sondern auch die Tiefen und H\u00f6hen der menschlichen Natur zu verstehen.<\/p>\n\n\n\n<p class=\"\">Diese Geschichten reichen von pers\u00f6nlichen Erinnerungen bis hin zu historischen Analysen und bieten unsch\u00e4tzbare Einblicke in die Erfahrungen j\u00fcdischer Menschen und anderer, die eine der dunkelsten Zeiten der Geschichte durchlebt haben.<\/p>\n\n\n\n<p class=\"\">Danke, dass Sie diese B\u00fccher gelesen und die Bedeutung dieser Ereignisse in unserer heutigen Welt verstanden haben. Vergessen wir nie. <\/p>\n","protected":false},"excerpt":{"rendered":"<p>Wir m\u00fcssen eine der dunkelsten Zeiten in der Geschichte der Menschheit, den Holocaust, verstehen, damit er nie wieder passiert. Die B\u00fccher \u00fcber Auschwitz geh\u00f6ren zu den besten M\u00f6glichkeiten, der Opfer zu gedenken und zu vermeiden, dass sich die gleichen schrecklichen Fehler wiederholen. Auschwitz, das ber\u00fcchtigtste der nationalsozialistischen Vernichtungslager, ist der Inbegriff des menschlichen B\u00f6sen und&#8230;<\/p>\n","protected":false},"author":1,"featured_media":3066,"comment_status":"closed","ping_status":"closed","sticky":false,"template":"","format":"standard","meta":{"nf_dc_page":"","_kadence_starter_templates_imported_post":false,"_kad_post_transparent":"","_kad_post_title":"","_kad_post_layout":"","_kad_post_sidebar_id":"","_kad_post_content_style":"","_kad_post_vertical_padding":"","_kad_post_feature":"","_kad_post_feature_position":"","_kad_post_header":false,"_kad_post_footer":false,"_kad_post_classname":"","footnotes":""},"categories":[225],"tags":[],"class_list":["post-3441","post","type-post","status-publish","format-standard","has-post-thumbnail","hentry","category-uber-auschwitz"],"_links":{"self":[{"href":"https:\/\/auschwitztoursfromwarsaw.com\/de\/wp-json\/wp\/v2\/posts\/3441","targetHints":{"allow":["GET"]}}],"collection":[{"href":"https:\/\/auschwitztoursfromwarsaw.com\/de\/wp-json\/wp\/v2\/posts"}],"about":[{"href":"https:\/\/auschwitztoursfromwarsaw.com\/de\/wp-json\/wp\/v2\/types\/post"}],"author":[{"embeddable":true,"href":"https:\/\/auschwitztoursfromwarsaw.com\/de\/wp-json\/wp\/v2\/users\/1"}],"replies":[{"embeddable":true,"href":"https:\/\/auschwitztoursfromwarsaw.com\/de\/wp-json\/wp\/v2\/comments?post=3441"}],"version-history":[{"count":4,"href":"https:\/\/auschwitztoursfromwarsaw.com\/de\/wp-json\/wp\/v2\/posts\/3441\/revisions"}],"predecessor-version":[{"id":3828,"href":"https:\/\/auschwitztoursfromwarsaw.com\/de\/wp-json\/wp\/v2\/posts\/3441\/revisions\/3828"}],"wp:featuredmedia":[{"embeddable":true,"href":"https:\/\/auschwitztoursfromwarsaw.com\/de\/wp-json\/wp\/v2\/media\/3066"}],"wp:attachment":[{"href":"https:\/\/auschwitztoursfromwarsaw.com\/de\/wp-json\/wp\/v2\/media?parent=3441"}],"wp:term":[{"taxonomy":"category","embeddable":true,"href":"https:\/\/auschwitztoursfromwarsaw.com\/de\/wp-json\/wp\/v2\/categories?post=3441"},{"taxonomy":"post_tag","embeddable":true,"href":"https:\/\/auschwitztoursfromwarsaw.com\/de\/wp-json\/wp\/v2\/tags?post=3441"}],"curies":[{"name":"wp","href":"https:\/\/api.w.org\/{rel}","templated":true}]}}