{"id":3328,"date":"2024-10-16T13:23:47","date_gmt":"2024-10-16T13:23:47","guid":{"rendered":"https:\/\/auschwitztoursfromwarsaw.com\/lhistoire-dauschwitz-tout-ce-que-vous-devez-savoir\/"},"modified":"2025-05-13T06:59:14","modified_gmt":"2025-05-13T06:59:14","slug":"histoire-auschwitz","status":"publish","type":"post","link":"https:\/\/auschwitztoursfromwarsaw.com\/fr\/histoire-auschwitz\/","title":{"rendered":"L\u2019Histoire d\u2019Auschwitz Birkenau : Du Pass\u00e9 au Pr\u00e9sent"},"content":{"rendered":"\n<p class=\"\">Auschwitz est le symbole de l\u2019horreur de l\u2019Holocauste. En Pologne occup\u00e9e, ce complexe de camps de concentration et d\u2019extermination a \u00e9t\u00e9 la plaque tournante de la campagne g\u00e9nocidaire des nazis contre les Juifs et d\u2019autres minorit\u00e9s pendant la Seconde Guerre mondiale. <\/p>\n\n\n\n<p class=\"\">Le nom d\u2019Auschwitz signifie terreur, inhumanit\u00e9 et le pire de l\u2019humanit\u00e9. Il est essentiel de conna\u00eetre l\u2019histoire d\u2019Auschwitz avant de s\u2019y rendre. Ci-dessous, nous abordons les moments cl\u00e9s de l\u2019histoire d\u2019Auschwitz, de ses d\u00e9buts \u00e0 sa lib\u00e9ration et comment il est devenu le camp le plus notoire de l\u2019Holocauste.  <\/p>\n\n\n<div class=\"wp-block-image\">\n<figure class=\"aligncenter size-large\"><img decoding=\"async\" width=\"1024\" height=\"683\" src=\"https:\/\/auschwitztoursfromwarsaw.com\/wp-content\/uploads\/2024\/10\/taking-a-tour-to-Auschwitz-from-Warsaw-1024x683.jpg\" alt=\"faire une visite \u00e0 Auschwitz au d\u00e9part de Varsovie\" class=\"wp-image-2314\" srcset=\"https:\/\/auschwitztoursfromwarsaw.com\/wp-content\/uploads\/2024\/10\/taking-a-tour-to-Auschwitz-from-Warsaw-1024x683.jpg 1024w, https:\/\/auschwitztoursfromwarsaw.com\/wp-content\/uploads\/2024\/10\/taking-a-tour-to-Auschwitz-from-Warsaw-300x200.jpg 300w, https:\/\/auschwitztoursfromwarsaw.com\/wp-content\/uploads\/2024\/10\/taking-a-tour-to-Auschwitz-from-Warsaw-768x512.jpg 768w, https:\/\/auschwitztoursfromwarsaw.com\/wp-content\/uploads\/2024\/10\/taking-a-tour-to-Auschwitz-from-Warsaw.jpg 1500w\" sizes=\"(max-width: 1024px) 100vw, 1024px\" \/><\/figure>\n<\/div>\n\n\n<h2 class=\"wp-block-heading has-text-align-center\">L\u2019histoire d\u2019Auschwitz &#8211; Chronologie<\/h2>\n\n\n\n<ul class=\"wp-block-list\">\n<li class=\"\"><strong>1940<\/strong> : Auschwitz I est cr\u00e9\u00e9 pour emprisonner les d\u00e9tenus politiques.<\/li>\n\n\n\n<li class=\"\"><strong>1942<\/strong> : D\u00e9but des d\u00e9portations massives de Juifs dans toute l\u2019Europe vers Auschwitz-Birkenau ; La premi\u00e8re chambre \u00e0 gaz est devenue op\u00e9rationnelle.<\/li>\n\n\n\n<li class=\"\"><strong>1943<\/strong> : Auschwitz devient un lieu central pour l\u2019extermination massive des Juifs ; Auschwitz III-Monowitz a \u00e9t\u00e9 fond\u00e9 la m\u00eame ann\u00e9e.<\/li>\n\n\n\n<li class=\"\"><strong>1944<\/strong> : Les Juifs hongrois sont d\u00e9port\u00e9s en masse \u00e0 Auschwitz-Birkenau, les chambres \u00e0 gaz fonctionnant \u00e0 plein r\u00e9gime ; le soul\u00e8vement du Sonderkommando a eu lieu en octobre.<\/li>\n\n\n\n<li class=\"\"><strong>1945<\/strong> : Les forces sovi\u00e9tiques lib\u00e8rent Auschwitz-Birkenau, trouvant plus de 7 000 survivants.<\/li>\n\n\n\n<li class=\"\"><strong>1947<\/strong> : Le gouvernement polonais ouvre le mus\u00e9e d\u2019\u00c9tat d\u2019Auschwitz dans l\u2019ancien camping.<\/li>\n\n\n\n<li class=\"\"><strong>1979<\/strong> : L\u2019UNESCO reconna\u00eet Auschwitz-Birkenau comme site du patrimoine mondial.<\/li>\n\n\n\n<li class=\"\"><strong>Aujourd\u2019hui<\/strong> : Auschwitz-Birkenau est un m\u00e9morial visit\u00e9 par les gens du monde entier, restant un symbole puissant de l\u2019Holocauste.<\/li>\n<\/ul>\n\n\n<div data-gyg-href=\"https:\/\/widget.getyourguide.com\/default\/activities.frame\" data-gyg-locale-code=\"fr-FR\" data-gyg-widget=\"activities\" data-gyg-number-of-items=\"4\" data-gyg-partner-id=\"BD1X57Z\" data-gyg-q=\"auschwitz\"><span>Powered by <a target=\"_blank\" rel=\"sponsored noopener\" href=\"https:\/\/www.getyourguide.com\/memorial-and-museum-auschwitz-birkenau-l1069\/\">GetYourGuide<\/a><\/span><\/div>\n<p><!-- GetYourGuide Analytics --><\/p>\n<p><script async defer src=\"https:\/\/widget.getyourguide.com\/dist\/pa.umd.production.min.js\" data-gyg-partner-id=\"BD1X57Z\"><\/script><\/p>\n\n\n\n<h2 class=\"wp-block-heading has-text-align-center\">Origines d\u2019Auschwitz et d\u2019O\u015bwi\u0119cim<\/h2>\n\n\n\n<p class=\"\">Avant la Seconde Guerre mondiale, O\u015bwi\u0119cim \u00e9tait une petite communaut\u00e9 juive du sud de la Pologne. Ville dynamique dot\u00e9e d\u2019une culture et d\u2019une \u00e9conomie fortes, des milliers de Juifs vivaient aux c\u00f4t\u00e9s de leurs voisins polonais. <\/p>\n\n\n\n<p class=\"\">Lorsque l\u2019Allemagne nazie a envahi la Pologne en 1939, O\u015bwi\u0119cim a \u00e9t\u00e9 annex\u00e9e au Troisi\u00e8me Reich et rebaptis\u00e9e Auschwitz, le nom allemand de la ville.<\/p>\n\n\n\n<p class=\"\">Aujourd\u2019hui, lorsque vous vous rendez de <strong><a href=\"https:\/\/auschwitztoursfromwarsaw.com\/fr\/aller-de-cracovie-a-auschwitz\/\" target=\"_blank\" data-type=\"link\" data-id=\"https:\/\/auschwitztoursfromwarsaw.com\/fr\/aller-de-cracovie-a-auschwitz\/\" rel=\"noreferrer noopener\">Cracovie aux camps de concentration<\/a><\/strong>, O\u015bwi\u0119cim est l\u2019un des meilleurs <strong><a href=\"https:\/\/auschwitztoursfromwarsaw.com\/fr\/ou-sejourner-auschwitz\/\" target=\"_blank\" data-type=\"link\" data-id=\"https:\/\/auschwitztoursfromwarsaw.com\/fr\/ou-sejourner-auschwitz\/\" rel=\"noreferrer noopener\">endroits o\u00f9 s\u00e9journer lors de votre visite \u00e0 Auschwitz<\/a><\/strong>, vous voudrez donc peut-\u00eatre passer la nuit ici avant d\u2019y aller le lendemain matin.<\/p>\n\n\n\n<h3 class=\"wp-block-heading has-text-align-center\">Auschwitz I (le camp principal)<\/h3>\n\n\n\n<p class=\"\">En mai 1940, les nazis ont cr\u00e9\u00e9 Auschwitz I, initialement pour h\u00e9berger des prisonniers politiques polonais, des membres de la r\u00e9sistance, des intellectuels et d\u2019autres personnes consid\u00e9r\u00e9es comme une menace pour le contr\u00f4le nazi.<\/p>\n\n\n\n<p class=\"\">L\u2019emplacement a \u00e9t\u00e9 choisi pour son isolement et son accessibilit\u00e9 par chemin de fer, permettant le transport d\u2019un grand nombre de prisonniers. Les conditions \u00e9taient brutales d\u00e8s le d\u00e9but, la surpopulation, le travail forc\u00e9, la famine et la maladie. Les ex\u00e9cutions \u00e9taient fr\u00e9quentes et le camp acquit rapidement la r\u00e9putation d\u2019\u00eatre dur.  <\/p>\n\n\n<div class=\"wp-block-image\">\n<figure class=\"aligncenter size-large\"><img decoding=\"async\" width=\"1024\" height=\"685\" src=\"https:\/\/auschwitztoursfromwarsaw.com\/wp-content\/uploads\/2024\/10\/Train-arrival-at-Auschwitz-1024x685.jpg\" alt=\"Arriv\u00e9e en train \u00e0 Auschwitz au d\u00e9part de Varsovie\" class=\"wp-image-2329\" srcset=\"https:\/\/auschwitztoursfromwarsaw.com\/wp-content\/uploads\/2024\/10\/Train-arrival-at-Auschwitz-1024x685.jpg 1024w, https:\/\/auschwitztoursfromwarsaw.com\/wp-content\/uploads\/2024\/10\/Train-arrival-at-Auschwitz-300x201.jpg 300w, https:\/\/auschwitztoursfromwarsaw.com\/wp-content\/uploads\/2024\/10\/Train-arrival-at-Auschwitz-768x514.jpg 768w, https:\/\/auschwitztoursfromwarsaw.com\/wp-content\/uploads\/2024\/10\/Train-arrival-at-Auschwitz.jpg 1500w\" sizes=\"(max-width: 1024px) 100vw, 1024px\" \/><\/figure>\n<\/div>\n\n\n<h2 class=\"wp-block-heading has-text-align-center\">Extension \u00e0 Auschwitz II-Birkenau<\/h2>\n\n\n\n<p class=\"\">Au fur et \u00e0 mesure que les politiques g\u00e9nocidaires des nazis s\u2019intensifiaient, ils avaient besoin d\u2019installations plus grandes pour mener \u00e0 bien des massacres de masse. La construction d\u2019Auschwitz II-Birkenau a commenc\u00e9 en octobre 1941 pr\u00e8s du village de Brzezinka (Birkenau en allemand). <\/p>\n\n\n\n<p class=\"\">Birkenau a \u00e9t\u00e9 con\u00e7u pour accueillir 200 000 prisonniers et devait \u00eatre le plus grand des camps d\u2019Auschwitz. Il comportait des rang\u00e9es de casernes, des tours de guet et des cl\u00f4tures de barbel\u00e9s, symbole de l\u2019\u00e9chelle industrielle du programme d\u2019extermination nazi. <\/p>\n\n\n\n<h3 class=\"wp-block-heading has-text-align-center\">Birkenau comme camp d\u2019extermination<\/h3>\n\n\n\n<p class=\"\">En 1942, Birkenau \u00e9tait devenu un camp de concentration et le principal site de la \u00ab Solution finale \u00bb \u2013 le plan nazi visant \u00e0 \u00e9liminer la population juive d\u2019Europe. Des Juifs de tout le continent ont \u00e9t\u00e9 d\u00e9port\u00e9s \u00e0 Birkenau \u2013 de Pologne, de Hongrie, de France et des Pays-Bas. <\/p>\n\n\n\n<p class=\"\">En ce qui concerne les Pays-Bas, le journal d\u2019Anne Frank est l\u2019un des <strong><a href=\"https:\/\/auschwitztoursfromwarsaw.com\/fr\/livres-auschwitz-et-holocauste\/\" target=\"_blank\" data-type=\"link\" data-id=\"https:\/\/auschwitztoursfromwarsaw.com\/fr\/livres-auschwitz-et-holocauste\/\" rel=\"noreferrer noopener\">meilleurs livres sur Auschwitz et l\u2019Holocauste<\/a><\/strong>, et nous vous recommandons vivement de le lire avant de visiter les camps de concentration.<\/p>\n\n\n\n<p class=\"\">Birkenau est devenu le lieu de massacres, utilisant des chambres \u00e0 gaz pour assassiner des prisonniers en masse.<\/p>\n\n\n<div data-vi-partner-id=P00037809 data-vi-widget-ref=W-a207762e-a190-41c7-95a5-8fc9792fd60a ><\/div>\n<p><script async src=\"https:\/\/www.viator.com\/orion\/partner\/widget.js\"><\/script><\/p>\n\n\n\n<h3 class=\"wp-block-heading has-text-align-center\">Chambres \u00e0 gaz et cr\u00e9matoriums<\/h3>\n\n\n\n<p class=\"\">Les nazis ont introduit des chambres \u00e0 gaz \u00e0 Birkenau pour acc\u00e9l\u00e9rer le processus d\u2019extermination. Le Zyklon B, un pesticide \u00e0 base de cyanure, a \u00e9t\u00e9 utilis\u00e9 dans les chambres \u00e0 gaz pour tuer des milliers de personnes \u00e0 la fois. <\/p>\n\n\n\n<p class=\"\">Le cr\u00e9matorium a \u00e9t\u00e9 construit pour br\u00fbler les corps et les cendres \u00e9taient souvent dispers\u00e9es dans les champs ou les rivi\u00e8res \u00e0 proximit\u00e9. Le calcul froid des meurtres de masse \u00e0 Birkenau montre l\u2019ampleur de l\u2019Holocauste. <\/p>\n\n\n<div class=\"wp-block-image\">\n<figure class=\"aligncenter size-large\"><img decoding=\"async\" width=\"1024\" height=\"683\" src=\"https:\/\/auschwitztoursfromwarsaw.com\/wp-content\/uploads\/2024\/10\/Visiting-Auschwitz-Birkenau-1024x683.jpg\" alt=\"Visiter Auschwitz Birkenau\" class=\"wp-image-2325\" srcset=\"https:\/\/auschwitztoursfromwarsaw.com\/wp-content\/uploads\/2024\/10\/Visiting-Auschwitz-Birkenau-1024x683.jpg 1024w, https:\/\/auschwitztoursfromwarsaw.com\/wp-content\/uploads\/2024\/10\/Visiting-Auschwitz-Birkenau-300x200.jpg 300w, https:\/\/auschwitztoursfromwarsaw.com\/wp-content\/uploads\/2024\/10\/Visiting-Auschwitz-Birkenau-768x512.jpg 768w, https:\/\/auschwitztoursfromwarsaw.com\/wp-content\/uploads\/2024\/10\/Visiting-Auschwitz-Birkenau.jpg 1500w\" sizes=\"(max-width: 1024px) 100vw, 1024px\" \/><\/figure>\n<\/div>\n\n\n<h2 class=\"wp-block-heading has-text-align-center\">Auschwitz III (Monowitz) et les camps satellites<\/h2>\n\n\n\n<p class=\"\">Auschwitz III, \u00e9galement connu sous le nom de Monowitz, a \u00e9t\u00e9 cr\u00e9\u00e9 en 1942 en tant que camp de travail pour soutenir l\u2019industrie allemande pendant la guerre. Les prisonniers ont \u00e9t\u00e9 forc\u00e9s de travailler dans des conditions terribles \u00e0 <a href=\"https:\/\/www.lemonde.fr\/archives\/article\/1945\/04\/20\/les-allies-occupent-la-plus-grande-fabrique-de-caoutchouc-synthetique_1858359_1819218.html\" target=\"_blank\" rel=\"noreferrer noopener\">l\u2019usine de caoutchouc synth\u00e9tique IG Farben <\/a>et sur d\u2019autres sites industriels. Le travail \u00e9tait dur et le taux de mortalit\u00e9 \u00e9tait \u00e9lev\u00e9 en raison de l\u2019\u00e9puisement, de la malnutrition et de l\u2019exposition \u00e0 des substances toxiques. Monowitz \u00e9tait l\u2019incarnation du travail forc\u00e9 \u00e0 but lucratif.<\/p>\n\n\n\n<h3 class=\"wp-block-heading has-text-align-center\">Camps satellites<\/h3>\n\n\n\n<p class=\"\">Autour du complexe principal d\u2019Auschwitz, il y avait plus de 40 camps satellites. Ces petits camps fournissaient de la main-d\u2019\u0153uvre aux mines de charbon, aux usines d\u2019armement et aux fermes. Les prisonniers \u00e9taient confront\u00e9s aux m\u00eames conditions brutales que dans les camps principaux.  <\/p>\n\n\n\n<p class=\"\">Les camps satellites ont \u00e9tendu la port\u00e9e du syst\u00e8me oppressif d\u2019Auschwitz et approfondi le r\u00f4le du camp dans la machine de guerre nazie.<\/p>\n\n\n<div class=\"wp-block-image\">\n<figure class=\"aligncenter size-large\"><img decoding=\"async\" width=\"1024\" height=\"683\" src=\"https:\/\/auschwitztoursfromwarsaw.com\/wp-content\/uploads\/2024\/10\/day-trips-to-Auschwitz-from-Warsaw-Poland-1024x683.jpg\" alt=\"excursions d\u2019une journ\u00e9e \u00e0 Auschwitz au d\u00e9part de Varsovie, Pologne\" class=\"wp-image-2320\" srcset=\"https:\/\/auschwitztoursfromwarsaw.com\/wp-content\/uploads\/2024\/10\/day-trips-to-Auschwitz-from-Warsaw-Poland-1024x683.jpg 1024w, https:\/\/auschwitztoursfromwarsaw.com\/wp-content\/uploads\/2024\/10\/day-trips-to-Auschwitz-from-Warsaw-Poland-300x200.jpg 300w, https:\/\/auschwitztoursfromwarsaw.com\/wp-content\/uploads\/2024\/10\/day-trips-to-Auschwitz-from-Warsaw-Poland-768x512.jpg 768w, https:\/\/auschwitztoursfromwarsaw.com\/wp-content\/uploads\/2024\/10\/day-trips-to-Auschwitz-from-Warsaw-Poland.jpg 1500w\" sizes=\"(max-width: 1024px) 100vw, 1024px\" \/><\/figure>\n<\/div>\n\n\n<h2 class=\"wp-block-heading has-text-align-center\">Vie quotidienne et conditions \u00e0 Auschwitz<\/h2>\n\n\n\n<p class=\"\">La vie \u00e0 Auschwitz \u00e9tait brutale. Les prisonniers \u00e9taient entass\u00e9s dans des baraquements surpeupl\u00e9s, sans assainissement et avec une nourriture minimale. Le travail forc\u00e9 \u00e9tait implacable, de l\u2019aube au cr\u00e9puscule, qu\u2019il pleuve ou qu\u2019il vente. La maladie s\u00e9vissait et les soins m\u00e9dicaux \u00e9taient inexistants.   <\/p>\n\n\n\n<p class=\"\">La mort \u00e9tait une r\u00e9alit\u00e9 quotidienne, que ce soit par l\u2019ex\u00e9cution, la maladie ou l\u2019\u00e9puisement. Malheureusement, lorsque vous <strong><a href=\"https:\/\/auschwitztoursfromwarsaw.com\/fr\/\" target=\"_blank\" rel=\"noreferrer noopener\">visitez Auschwitz depuis Varsovie<\/a><\/strong> ou Cracovie, vous pouvez encore ressentir les conditions difficiles que les prisonniers devaient traverser chaque jour. <\/p>\n\n\n\n<p class=\"\">\u00c0 leur arriv\u00e9e \u00e0 Auschwitz, les prisonniers \u00e9taient soumis \u00e0 un processus de s\u00e9lection par des officiers SS. Des familles ont \u00e9t\u00e9 d\u00e9chir\u00e9es alors que les hommes, les femmes et les enfants \u00e9taient s\u00e9par\u00e9s. Ceux qui \u00e9taient aptes au travail \u00e9taient envoy\u00e9s au travail, d\u2019autres \u2013 les vieux, les malades et les jeunes enfants \u2013 \u00e9taient envoy\u00e9s directement dans les chambres \u00e0 gaz.  <\/p>\n\n\n\n<p class=\"\">C\u2019\u00e9tait d\u00e9shumanisant et traumatisant, d\u00e9pouillant les gens de leur dignit\u00e9 et les envoyant \u00e0 la mort imm\u00e9diate ou \u00e9ventuelle.<\/p>\n\n\n<div data-vi-partner-id=P00037809 data-vi-widget-ref=W-3cd07aa2-7f61-4f90-9c1e-80b88814dbe9 ><\/div>\n<p><script async src=\"https:\/\/www.viator.com\/orion\/partner\/widget.js\"><\/script><\/p>\n\n\n\n<h3 class=\"wp-block-heading has-text-align-center\">Exp\u00e9riences m\u00e9dicales<\/h3>\n\n\n\n<p class=\"\">Auschwitz a \u00e9galement \u00e9t\u00e9 le lieu d\u2019exp\u00e9riences m\u00e9dicales barbares men\u00e9es par des m\u00e9decins nazis, notamment le Dr Josef Mengele, \u00ab l\u2019ange de la mort \u00bb.<\/p>\n\n\n\n<p class=\"\">Les prisonniers \u00e9taient soumis \u00e0 des proc\u00e9dures inhumaines sans consentement, sans anesth\u00e9sie et sans \u00e9gard pour leur bien-\u00eatre. Les exp\u00e9riences comprenaient la st\u00e9rilisation, l\u2019exposition \u00e0 la maladie et les mutilations chirurgicales.   <\/p>\n\n\n\n<p class=\"\">Ces affirmations \u00e9taient justifi\u00e9es par le progr\u00e8s scientifique et l\u2019id\u00e9ologie raciale, laissant aux survivants des cicatrices physiques et psychologiques \u00e0 vie.<\/p>\n\n\n<div class=\"wp-block-image\">\n<figure class=\"aligncenter size-large\"><img decoding=\"async\" width=\"1024\" height=\"683\" src=\"https:\/\/auschwitztoursfromwarsaw.com\/wp-content\/uploads\/2024\/10\/Barracks-at-Auschwitz-on-a-sunny-day-1024x683.jpg\" alt=\"Caserne \u00e0 Auschwitz par une journ\u00e9e ensoleill\u00e9e\" class=\"wp-image-2434\" srcset=\"https:\/\/auschwitztoursfromwarsaw.com\/wp-content\/uploads\/2024\/10\/Barracks-at-Auschwitz-on-a-sunny-day-1024x683.jpg 1024w, https:\/\/auschwitztoursfromwarsaw.com\/wp-content\/uploads\/2024\/10\/Barracks-at-Auschwitz-on-a-sunny-day-300x200.jpg 300w, https:\/\/auschwitztoursfromwarsaw.com\/wp-content\/uploads\/2024\/10\/Barracks-at-Auschwitz-on-a-sunny-day-768x512.jpg 768w, https:\/\/auschwitztoursfromwarsaw.com\/wp-content\/uploads\/2024\/10\/Barracks-at-Auschwitz-on-a-sunny-day.jpg 1500w\" sizes=\"(max-width: 1024px) 100vw, 1024px\" \/><\/figure>\n<\/div>\n\n\n<h2 class=\"wp-block-heading has-text-align-center\">R\u00e9sistance et tentatives d\u2019\u00e9vasion en 1945<\/h2>\n\n\n\n<p class=\"\">Malgr\u00e9 les conditions brutales, une r\u00e9sistance existait \u00e0 l\u2019int\u00e9rieur d\u2019Auschwitz. Des r\u00e9seaux clandestins se sont form\u00e9s entre les prisonniers pour partager des informations et se soutenir mutuellement. <\/p>\n\n\n\n<p class=\"\">Certains d\u00e9tenus sabotaient leur travail, \u00e9crivaient en secret ou documentaient les crimes nazis. Ces actes de d\u00e9fi \u00e9taient risqu\u00e9s, car la d\u00e9couverte signifiait la torture ou la mort, mais ils donnaient aux gens un sentiment d\u2019espoir et d\u2019humanit\u00e9. <\/p>\n\n\n\n<p class=\"\">Il \u00e9tait presque impossible de s\u2019\u00e9vader d\u2019Auschwitz en raison de la haute s\u00e9curit\u00e9 et des sanctions. Mais il y en avait certains, comme Witold Pilecki, un officier polonais qui s\u2019est port\u00e9 volontaire pour aller \u00e0 Auschwitz afin de recueillir des informations pour la r\u00e9sistance. <\/p>\n\n\n\n<p class=\"\">Pilecki s\u2019\u00e9chappa et envoya de pr\u00e9cieux rapports sur le camp. D\u2019autres prisonniers se sont \u00e9vad\u00e9s, parfois avec succ\u00e8s, mais souvent au p\u00e9ril de leur vie et de celle des autres, car les nazis punissaient brutalement. <\/p>\n\n\n<div class=\"wp-block-image\">\n<figure class=\"aligncenter size-large is-resized\"><img decoding=\"async\" width=\"683\" height=\"1024\" src=\"https:\/\/auschwitztoursfromwarsaw.com\/wp-content\/uploads\/2024\/10\/best-Auschwitz-tours-from-Warsaw-683x1024.jpg\" alt=\"meilleures visites d\u2019Auschwitz au d\u00e9part de Varsovie\" class=\"wp-image-2311\" style=\"width:459px;height:auto\" srcset=\"https:\/\/auschwitztoursfromwarsaw.com\/wp-content\/uploads\/2024\/10\/best-Auschwitz-tours-from-Warsaw-683x1024.jpg 683w, https:\/\/auschwitztoursfromwarsaw.com\/wp-content\/uploads\/2024\/10\/best-Auschwitz-tours-from-Warsaw-200x300.jpg 200w, https:\/\/auschwitztoursfromwarsaw.com\/wp-content\/uploads\/2024\/10\/best-Auschwitz-tours-from-Warsaw-768x1152.jpg 768w, https:\/\/auschwitztoursfromwarsaw.com\/wp-content\/uploads\/2024\/10\/best-Auschwitz-tours-from-Warsaw.jpg 1000w\" sizes=\"(max-width: 683px) 100vw, 683px\" \/><\/figure>\n<\/div>\n\n\n<h2 class=\"wp-block-heading has-text-align-center\">La lib\u00e9ration d\u2019Auschwitz<\/h2>\n\n\n\n<p class=\"\">En 1944, l\u2019Arm\u00e9e rouge sovi\u00e9tique avan\u00e7ait vers l\u2019ouest et les nazis paniquaient. Ils \u00e9vacuaient Auschwitz, for\u00e7ant des dizaines de milliers de prisonniers \u00e0 des marches de la mort vers des camps plus profonds en Allemagne. <\/p>\n\n\n\n<p class=\"\">Ils d\u00e9truisaient \u00e9galement les preuves de leurs crimes en faisant sauter les chambres \u00e0 gaz et les cr\u00e9matoriums.<\/p>\n\n\n\n<h3 class=\"wp-block-heading has-text-align-center\">27 janvier 1945 : Jour de la Lib\u00e9ration<\/h3>\n\n\n\n<p class=\"\">Le 27 janvier 1945, les troupes sovi\u00e9tiques entr\u00e8rent dans Auschwitz et lib\u00e9r\u00e8rent les prisonniers restants. Ils ont trouv\u00e9 environ 7 000 survivants, la plupart d\u2019entre eux dans un \u00e9tat de famine et de maladie. <\/p>\n\n\n\n<p class=\"\">Ils ont trouv\u00e9 des entrep\u00f4ts remplis d\u2019effets personnels : des centaines de milliers de costumes d\u2019hommes, de v\u00eatements de femmes, de paires de chaussures \u2013 un sombre rappel des millions de personnes qui avaient \u00e9t\u00e9 assassin\u00e9es.<\/p>\n\n\n\n<p class=\"\">Apr\u00e8s la lib\u00e9ration, les survivants ont d\u00fb reconstruire leur vie dans un \u00e9tat de traumatisme physique et \u00e9motionnel. Le monde a commenc\u00e9 \u00e0 apprendre l\u2019ampleur des atrocit\u00e9s. Le proc\u00e8s de Nuremberg et d\u2019autres proc\u00e8s d\u2019apr\u00e8s-guerre ont traduit en justice les criminels de guerre nazis. La lib\u00e9ration d\u2019Auschwitz a marqu\u00e9 un tournant dans la reconnaissance mondiale de l\u2019Holocauste.   <\/p>\n\n\n<div class=\"wp-block-image\">\n<figure class=\"aligncenter size-large\"><img decoding=\"async\" width=\"1024\" height=\"683\" src=\"https:\/\/auschwitztoursfromwarsaw.com\/wp-content\/uploads\/2024\/10\/Uniforms-at-Auschwitz-Birkenau-1024x683.jpg\" alt=\"Uniformes \u00e0 Auschwitz Birkenau\" class=\"wp-image-2332\" srcset=\"https:\/\/auschwitztoursfromwarsaw.com\/wp-content\/uploads\/2024\/10\/Uniforms-at-Auschwitz-Birkenau-1024x683.jpg 1024w, https:\/\/auschwitztoursfromwarsaw.com\/wp-content\/uploads\/2024\/10\/Uniforms-at-Auschwitz-Birkenau-300x200.jpg 300w, https:\/\/auschwitztoursfromwarsaw.com\/wp-content\/uploads\/2024\/10\/Uniforms-at-Auschwitz-Birkenau-768x513.jpg 768w, https:\/\/auschwitztoursfromwarsaw.com\/wp-content\/uploads\/2024\/10\/Uniforms-at-Auschwitz-Birkenau.jpg 1500w\" sizes=\"(max-width: 1024px) 100vw, 1024px\" \/><\/figure>\n<\/div>\n\n\n<h2 class=\"wp-block-heading has-text-align-center\">Auschwitz en tant que site m\u00e9moriel et mus\u00e9e<\/h2>\n\n\n\n<p class=\"\">Apr\u00e8s la lib\u00e9ration, en 1947, le gouvernement polonais a cr\u00e9\u00e9 le mus\u00e9e d\u2019\u00c9tat d\u2019Auschwitz-Birkenau pour pr\u00e9server le site en tant que monument aux horreurs.<\/p>\n\n\n\n<p class=\"\">Les b\u00e2timents d\u2019origine ont \u00e9t\u00e9 laiss\u00e9s intacts et des expositions ont \u00e9t\u00e9 mises en place pour informer les visiteurs sur le camp. C\u2019est un lieu de deuil et de r\u00e9flexion, pour se souvenir des victimes. <\/p>\n\n\n\n<h3 class=\"wp-block-heading has-text-align-center\">Site du patrimoine mondial de l\u2019UNESCO<\/h3>\n\n\n\n<p class=\"\">En 1979, Auschwitz-Birkenau a \u00e9t\u00e9 d\u00e9sign\u00e9 <strong><a href=\"https:\/\/whc.unesco.org\/fr\/list\/31\/\" target=\"_blank\" data-type=\"link\" data-id=\"https:\/\/whc.unesco.org\/fr\/list\/31\/\" rel=\"noreferrer noopener\">site du patrimoine mondial de l\u2019UNESCO<\/a><\/strong>, comme symbole du g\u00e9nocide et avertissement \u00e0 l\u2019humanit\u00e9. Les travaux de pr\u00e9servation se poursuivent pour garder le site intact afin que les g\u00e9n\u00e9rations futures puissent apprendre de ce chapitre sombre de l\u2019histoire. Des programmes \u00e9ducatifs et des \u00e9v\u00e9nements comm\u00e9moratifs sont organis\u00e9s r\u00e9guli\u00e8rement pour sensibiliser et faire comprendre.<\/p>\n\n\n\n<h2 class=\"wp-block-heading has-text-align-center\">Les cons\u00e9quences<\/h2>\n\n\n\n<p class=\"\">Auschwitz est devenu le symbole de l\u2019Holocauste et des cons\u00e9quences extr\u00eames de la haine et des pr\u00e9jug\u00e9s incontr\u00f4l\u00e9s. C\u2019est un point central de l\u2019enseignement de l\u2019Holocauste dans le monde entier, mettant l\u2019accent sur les droits de l\u2019homme, la tol\u00e9rance et les dangers de l\u2019autoritarisme. Les mus\u00e9es, les \u00e9tablissements d\u2019enseignement et les journ\u00e9es comm\u00e9moratives gardent la m\u00e9moire vivante, pour parler de la pr\u00e9vention de futurs g\u00e9nocides.  <\/p>\n\n\n\n<p class=\"\">Les histoires des survivants sont cruciales pour transmettre la r\u00e9alit\u00e9 d\u2019Auschwitz. Des survivants c\u00e9l\u00e8bres comme Elie Wiesel, Primo Levi et Viktor Frankl ont partag\u00e9 leurs exp\u00e9riences \u00e0 travers des livres et des conf\u00e9rences, nous donnant un aper\u00e7u personnel du camp. <\/p>\n\n\n\n<p class=\"\">Leurs t\u00e9moignages mettent des visages sur les chiffres et veillent \u00e0 ce que les histoires individuelles ne soient pas oubli\u00e9es. Ces histoires font partie des archives historiques et de la compr\u00e9hension morale. <\/p>\n\n\n<div class=\"wp-block-image\">\n<figure class=\"aligncenter size-large\"><img decoding=\"async\" width=\"1024\" height=\"683\" src=\"https:\/\/auschwitztoursfromwarsaw.com\/wp-content\/uploads\/2024\/10\/day-trips-to-Auschwitz-memorial-from-Warsaw-1024x683.jpg\" alt=\"Excursions d\u2019une journ\u00e9e au m\u00e9morial d\u2019Auschwitz au d\u00e9part de Cracovie\" class=\"wp-image-2321\" srcset=\"https:\/\/auschwitztoursfromwarsaw.com\/wp-content\/uploads\/2024\/10\/day-trips-to-Auschwitz-memorial-from-Warsaw-1024x683.jpg 1024w, https:\/\/auschwitztoursfromwarsaw.com\/wp-content\/uploads\/2024\/10\/day-trips-to-Auschwitz-memorial-from-Warsaw-300x200.jpg 300w, https:\/\/auschwitztoursfromwarsaw.com\/wp-content\/uploads\/2024\/10\/day-trips-to-Auschwitz-memorial-from-Warsaw-768x512.jpg 768w, https:\/\/auschwitztoursfromwarsaw.com\/wp-content\/uploads\/2024\/10\/day-trips-to-Auschwitz-memorial-from-Warsaw.jpg 1500w\" sizes=\"(max-width: 1024px) 100vw, 1024px\" \/><\/figure>\n<\/div>\n\n\n<h2 class=\"wp-block-heading has-text-align-center\">Conclusion<\/h2>\n\n\n\n<p class=\"\">Auschwitz est un rappel brutal du mal humain et des cons\u00e9quences de l\u2019intol\u00e9rance et de la d\u00e9shumanisation. Des camps de concentration aux camps d\u2019extermination et de travail, Auschwitz est le symbole le plus puissant du r\u00e9gime nazi dans le monde. <\/p>\n\n\n\n<p class=\"\">La lib\u00e9ration d\u2019Auschwitz a signifi\u00e9 la fin des souffrances des prisonniers, mais le d\u00e9but de la prise de conscience de l\u2019Holocauste par le monde.<\/p>\n\n\n\n<p class=\"\">Nous devons nous souvenir d\u2019Auschwitz pour que cela ne se reproduise plus jamais. En tant que m\u00e9morial et mus\u00e9e, il t\u00e9moigne de la r\u00e9silience humaine et de l\u2019importance de la dignit\u00e9 humaine. L\u2019h\u00e9ritage d\u2019Auschwitz influence l\u2019\u00e9ducation, la politique et la m\u00e9moire collective, un avertissement contre la haine et l\u2019oppression.  <\/p>\n","protected":false},"excerpt":{"rendered":"<p>Auschwitz est le symbole de l\u2019horreur de l\u2019Holocauste. En Pologne occup\u00e9e, ce complexe de camps de concentration et d\u2019extermination a \u00e9t\u00e9 la plaque tournante de la campagne g\u00e9nocidaire des nazis contre les Juifs et d\u2019autres minorit\u00e9s pendant la Seconde Guerre mondiale. Le nom d\u2019Auschwitz signifie terreur, inhumanit\u00e9 et le pire de l\u2019humanit\u00e9. Il est essentiel&#8230;<\/p>\n","protected":false},"author":1,"featured_media":2641,"comment_status":"closed","ping_status":"closed","sticky":false,"template":"","format":"standard","meta":{"nf_dc_page":"","_kadence_starter_templates_imported_post":false,"_kad_post_transparent":"","_kad_post_title":"","_kad_post_layout":"","_kad_post_sidebar_id":"","_kad_post_content_style":"","_kad_post_vertical_padding":"","_kad_post_feature":"","_kad_post_feature_position":"","_kad_post_header":false,"_kad_post_footer":false,"_kad_post_classname":"","footnotes":""},"categories":[223],"tags":[],"class_list":["post-3328","post","type-post","status-publish","format-standard","has-post-thumbnail","hentry","category-a-propos-dauschwitz"],"_links":{"self":[{"href":"https:\/\/auschwitztoursfromwarsaw.com\/fr\/wp-json\/wp\/v2\/posts\/3328","targetHints":{"allow":["GET"]}}],"collection":[{"href":"https:\/\/auschwitztoursfromwarsaw.com\/fr\/wp-json\/wp\/v2\/posts"}],"about":[{"href":"https:\/\/auschwitztoursfromwarsaw.com\/fr\/wp-json\/wp\/v2\/types\/post"}],"author":[{"embeddable":true,"href":"https:\/\/auschwitztoursfromwarsaw.com\/fr\/wp-json\/wp\/v2\/users\/1"}],"replies":[{"embeddable":true,"href":"https:\/\/auschwitztoursfromwarsaw.com\/fr\/wp-json\/wp\/v2\/comments?post=3328"}],"version-history":[{"count":5,"href":"https:\/\/auschwitztoursfromwarsaw.com\/fr\/wp-json\/wp\/v2\/posts\/3328\/revisions"}],"predecessor-version":[{"id":3810,"href":"https:\/\/auschwitztoursfromwarsaw.com\/fr\/wp-json\/wp\/v2\/posts\/3328\/revisions\/3810"}],"wp:featuredmedia":[{"embeddable":true,"href":"https:\/\/auschwitztoursfromwarsaw.com\/fr\/wp-json\/wp\/v2\/media\/2641"}],"wp:attachment":[{"href":"https:\/\/auschwitztoursfromwarsaw.com\/fr\/wp-json\/wp\/v2\/media?parent=3328"}],"wp:term":[{"taxonomy":"category","embeddable":true,"href":"https:\/\/auschwitztoursfromwarsaw.com\/fr\/wp-json\/wp\/v2\/categories?post=3328"},{"taxonomy":"post_tag","embeddable":true,"href":"https:\/\/auschwitztoursfromwarsaw.com\/fr\/wp-json\/wp\/v2\/tags?post=3328"}],"curies":[{"name":"wp","href":"https:\/\/api.w.org\/{rel}","templated":true}]}}