{"id":3433,"date":"2024-10-16T07:04:49","date_gmt":"2024-10-16T07:04:49","guid":{"rendered":"https:\/\/auschwitztoursfromwarsaw.com\/20-meilleurs-livres-sur-auschwitz-et-lholocauste\/"},"modified":"2025-05-13T07:03:23","modified_gmt":"2025-05-13T07:03:23","slug":"livres-auschwitz-et-holocauste","status":"publish","type":"post","link":"https:\/\/auschwitztoursfromwarsaw.com\/fr\/livres-auschwitz-et-holocauste\/","title":{"rendered":"20 Meilleurs Livres sur Auschwitz et l\u2019Holocauste"},"content":{"rendered":"\n<p class=\"\">Nous devons comprendre l\u2019une des p\u00e9riodes les plus sombres de l\u2019histoire de l\u2019humanit\u00e9, l\u2019Holocauste, afin qu\u2019elle ne se reproduise plus jamais. Les livres sur Auschwitz sont parmi les meilleurs moyens de se souvenir des victimes et d\u2019\u00e9viter de r\u00e9p\u00e9ter les m\u00eames terribles erreurs. <\/p>\n\n\n\n<p class=\"\">Auschwitz, le plus c\u00e9l\u00e8bre des camps de la mort nazis, est l\u2019incarnation du mal humain et la force de ceux qui ont surv\u00e9cu. Lire sur Auschwitz et l\u2019Holocauste honore non seulement les millions de vies juives perdues, mais \u00e9duque \u00e9galement les g\u00e9n\u00e9rations futures sur le co\u00fbt de la haine et de l\u2019intol\u00e9rance. <\/p>\n\n\n\n<p class=\"\">Voici 20 livres qui couvrent des histoires personnelles, le contexte historique et l\u2019impact sur la vie juive et le monde.<\/p>\n\n\n\n<figure class=\"wp-block-image size-large\"><img decoding=\"async\" width=\"1024\" height=\"796\" src=\"https:\/\/auschwitztoursfromwarsaw.com\/wp-content\/uploads\/2024\/10\/20-Best-Books-about-Auschwitz-and-the-Holocaust-1024x796.jpg\" alt=\"\" class=\"wp-image-2476\" srcset=\"https:\/\/auschwitztoursfromwarsaw.com\/wp-content\/uploads\/2024\/10\/20-Best-Books-about-Auschwitz-and-the-Holocaust-1024x796.jpg 1024w, https:\/\/auschwitztoursfromwarsaw.com\/wp-content\/uploads\/2024\/10\/20-Best-Books-about-Auschwitz-and-the-Holocaust-300x233.jpg 300w, https:\/\/auschwitztoursfromwarsaw.com\/wp-content\/uploads\/2024\/10\/20-Best-Books-about-Auschwitz-and-the-Holocaust-768x597.jpg 768w, https:\/\/auschwitztoursfromwarsaw.com\/wp-content\/uploads\/2024\/10\/20-Best-Books-about-Auschwitz-and-the-Holocaust.jpg 1500w\" sizes=\"(max-width: 1024px) 100vw, 1024px\" \/><\/figure>\n\n\n\n<h2 class=\"wp-block-heading has-text-align-center\">Pourquoi les livres sur Auschwitz et l\u2019Holocauste sont-ils importants ?<\/h2>\n\n\n\n<p class=\"\">Les livres sont un moyen de garder vivant le souvenir d\u2019Auschwitz et de l\u2019Holocauste. Ces livres nous donnent un acc\u00e8s personnel \u00e0 la vie des victimes, des survivants et m\u00eame des auteurs afin que nous puissions nous faire une id\u00e9e de l\u2019ampleur des horreurs. <\/p>\n\n\n\n<p class=\"\">Ils couvrent des hommes, des femmes et des enfants juifs, des non-juifs, des prisonniers politiques et d\u2019autres personnes qui \u00e9taient sous le r\u00e9gime nazi.<\/p>\n\n\n\n<p class=\"\">En lisant ces histoires, non seulement nous rendons hommage \u00e0 ceux qui ont v\u00e9cu cette \u00e9poque, mais nous nous assurons \u00e9galement que les le\u00e7ons apprises sont transmises aux g\u00e9n\u00e9rations futures.<\/p>\n\n\n<div data-gyg-href=\"https:\/\/widget.getyourguide.com\/default\/activities.frame\" data-gyg-locale-code=\"fr-FR\" data-gyg-widget=\"activities\" data-gyg-number-of-items=\"4\" data-gyg-partner-id=\"BD1X57Z\" data-gyg-q=\"auschwitz\"><span>Powered by <a target=\"_blank\" rel=\"sponsored noopener\" href=\"https:\/\/www.getyourguide.com\/memorial-and-museum-auschwitz-birkenau-l1069\/\">GetYourGuide<\/a><\/span><\/div>\n<p><!-- GetYourGuide Analytics --><\/p>\n<p><script async defer src=\"https:\/\/widget.getyourguide.com\/dist\/pa.umd.production.min.js\" data-gyg-partner-id=\"BD1X57Z\"><\/script><\/p>\n\n\n\n<h2 class=\"wp-block-heading has-text-align-center\">20 livres sur le camp de concentration d\u2019Auschwitz<\/h2>\n\n\n\n<p class=\"\">Nous vous avons facilit\u00e9 la t\u00e2che en cat\u00e9gorisant cette section en sujets, des m\u00e9moires aux r\u00e9cits historiques et \u00e0 la fiction.<\/p>\n\n\n\n<p class=\"\">Cet article porte principalement sur Auschwitz et le Troisi\u00e8me Reich, alors commen\u00e7ons par les survivants, des Juifs hongrois aux Juifs italiens et \u00e0 leurs cod\u00e9tenus qui ont r\u00e9ussi \u00e0 transmettre leurs m\u00e9moires aux g\u00e9n\u00e9rations futures.<\/p>\n\n\n\n<figure class=\"wp-block-image size-large\"><img decoding=\"async\" width=\"1024\" height=\"685\" src=\"https:\/\/auschwitztoursfromwarsaw.com\/wp-content\/uploads\/2024\/10\/Entrance-of-Auschwitz-Birkenau-memorial-1024x685.jpg\" alt=\"Entr\u00e9e du m\u00e9morial d\u2019Auschwitz Birkenau\" class=\"wp-image-2330\" srcset=\"https:\/\/auschwitztoursfromwarsaw.com\/wp-content\/uploads\/2024\/10\/Entrance-of-Auschwitz-Birkenau-memorial-1024x685.jpg 1024w, https:\/\/auschwitztoursfromwarsaw.com\/wp-content\/uploads\/2024\/10\/Entrance-of-Auschwitz-Birkenau-memorial-300x201.jpg 300w, https:\/\/auschwitztoursfromwarsaw.com\/wp-content\/uploads\/2024\/10\/Entrance-of-Auschwitz-Birkenau-memorial-768x514.jpg 768w, https:\/\/auschwitztoursfromwarsaw.com\/wp-content\/uploads\/2024\/10\/Entrance-of-Auschwitz-Birkenau-memorial.jpg 1500w\" sizes=\"(max-width: 1024px) 100vw, 1024px\" \/><\/figure>\n\n\n\n<h3 class=\"wp-block-heading has-text-align-center\">M\u00e9moires et t\u00e9moignages de survivants<\/h3>\n\n\n\n<h4 class=\"wp-block-heading has-text-align-center\">\u00ab&nbsp;Le journal d\u2019une jeune fille&nbsp;\u00bb d\u2019Anne Frank<\/h4>\n\n\n\n<p class=\"\">\u00ab&nbsp;Le journal d\u2019une jeune fille&nbsp;\u00bb d\u2019Anne Frank est un r\u00e9cit puissant de premi\u00e8re main d\u2019une adolescente juive qui se cache des nazis pendant la Seconde Guerre mondiale.<\/p>\n\n\n\n<p class=\"\">\u00c9crit entre 1942 et 1944, le journal raconte la vie d\u2019Anne dans l\u2019Annexe Secr\u00e8te, une partie cach\u00e9e d\u2019un vieil immeuble de bureaux \u00e0 Amsterdam o\u00f9 elle, sa famille et d\u2019autres personnes vivaient dans la peur constante d\u2019\u00eatre d\u00e9couvertes. \u00c0 travers son point de vue, Anne explore l\u2019identit\u00e9, l\u2019adolescence et les horreurs qui se d\u00e9roulent \u00e0 l\u2019ext\u00e9rieur de leur lieu. <\/p>\n\n\n\n<p class=\"\">Ses \u00e9crits nous aident \u00e0 comprendre la vie quotidienne sous l\u2019oppression et la force de l\u2019esprit humain. Le journal est un classique de l\u2019Holocauste et une lecture incontournable pour comprendre l\u2019une des p\u00e9riodes les plus sombres de l\u2019histoire de l\u2019humanit\u00e9. <\/p>\n\n\n<div class=\"wp-block-image\">\n<figure class=\"aligncenter size-medium\"><img decoding=\"async\" width=\"300\" height=\"225\" src=\"https:\/\/auschwitztoursfromwarsaw.com\/wp-content\/uploads\/2024\/10\/Original-Anne-Frank-Diary-300x225.jpg\" alt=\"\" class=\"wp-image-2488\" srcset=\"https:\/\/auschwitztoursfromwarsaw.com\/wp-content\/uploads\/2024\/10\/Original-Anne-Frank-Diary-300x225.jpg 300w, https:\/\/auschwitztoursfromwarsaw.com\/wp-content\/uploads\/2024\/10\/Original-Anne-Frank-Diary-1024x768.jpg 1024w, https:\/\/auschwitztoursfromwarsaw.com\/wp-content\/uploads\/2024\/10\/Original-Anne-Frank-Diary-768x576.jpg 768w, https:\/\/auschwitztoursfromwarsaw.com\/wp-content\/uploads\/2024\/10\/Original-Anne-Frank-Diary.jpg 1500w\" sizes=\"(max-width: 300px) 100vw, 300px\" \/><figcaption class=\"wp-element-caption\">Lien : <a href=\"https:\/\/commons.wikimedia.org\/wiki\/File:Original_Book_Copy.jpg\" target=\"_blank\" rel=\"noreferrer noopener\">Wikip\u00e9dia<\/a><\/figcaption><\/figure>\n<\/div>\n\n\n<h4 class=\"wp-block-heading has-text-align-center\">\u00ab&nbsp;Nuit&nbsp;\u00bb d\u2019Elie Wiesel<\/h4>\n\n\n\n<p class=\"\">\u00ab Night \u00bb est le m\u00e9moire d\u2019Elie Wiesel sur son temps en tant que jeune gar\u00e7on juif \u00e0 Auschwitz et Buchenwald. Le livre raconte son parcours d\u2019une vie normale dans une petite ville aux camps de la mort. <\/p>\n\n\n\n<p class=\"\">Wiesel d\u00e9crit en d\u00e9tail la perte de sa famille, de sa foi et de son innocence au milieu de souffrances inimaginables.<\/p>\n\n\n\n<p class=\"\">Ce livre est un regard profond sur l\u2019impact psychologique et \u00e9motionnel sur des millions de Juifs. Une lecture incontournable pour comprendre le co\u00fbt personnel de l\u2019Holocauste et de l\u2019endurance humaine. <\/p>\n\n\n<div class=\"wp-block-image\">\n<figure class=\"aligncenter size-medium\"><img decoding=\"async\" width=\"300\" height=\"300\" src=\"https:\/\/auschwitztoursfromwarsaw.com\/wp-content\/uploads\/2024\/10\/inside-Auschwitz-300x300.jpg\" alt=\"\u00e0 l\u2019int\u00e9rieur d\u2019Auschwitz\" class=\"wp-image-2481\" srcset=\"https:\/\/auschwitztoursfromwarsaw.com\/wp-content\/uploads\/2024\/10\/inside-Auschwitz-300x300.jpg 300w, https:\/\/auschwitztoursfromwarsaw.com\/wp-content\/uploads\/2024\/10\/inside-Auschwitz-150x150.jpg 150w, https:\/\/auschwitztoursfromwarsaw.com\/wp-content\/uploads\/2024\/10\/inside-Auschwitz-768x768.jpg 768w, https:\/\/auschwitztoursfromwarsaw.com\/wp-content\/uploads\/2024\/10\/inside-Auschwitz.jpg 1024w\" sizes=\"(max-width: 300px) 100vw, 300px\" \/><\/figure>\n<\/div>\n\n\n<h4 class=\"wp-block-heading has-text-align-center\">\u00ab&nbsp;La qu\u00eate de sens de l\u2019homme&nbsp;\u00bb par Viktor Frankl<\/h4>\n\n\n\n<p class=\"\">Viktor Frankl, un psychiatre juif, raconte son s\u00e9jour \u00e0 Auschwitz tout en explorant les r\u00e9actions psychologiques des prisonniers \u00e0 la vie dans les camps d\u2019extermination. Il pr\u00e9sente sa th\u00e9orie de la logoth\u00e9rapie, qui postule que trouver un sens \u00e0 la vie est la cl\u00e9 de la survie. <\/p>\n\n\n\n<p class=\"\">Les r\u00e9flexions philosophiques de Frankl offrent une perspective unique sur la fa\u00e7on dont les individus ont fait face aux conditions extr\u00eames impos\u00e9es par le r\u00e9gime nazi.<\/p>\n\n\n\n<p class=\"\">Ce livre est un m\u00e9moire et un guide pour trouver un but au milieu du d\u00e9sespoir, ce qui en fait une \u0153uvre litt\u00e9raire intemporelle sur la r\u00e9silience humaine.<\/p>\n\n\n<div data-vi-partner-id=P00037809 data-vi-widget-ref=W-a207762e-a190-41c7-95a5-8fc9792fd60a ><\/div>\n<p><script async src=\"https:\/\/www.viator.com\/orion\/partner\/widget.js\"><\/script><\/p>\n\n\n<div class=\"wp-block-image\">\n<figure class=\"aligncenter size-medium\"><img decoding=\"async\" width=\"300\" height=\"300\" src=\"https:\/\/auschwitztoursfromwarsaw.com\/wp-content\/uploads\/2024\/10\/little-sisters-hiding-from-the-Germans-300x300.jpg\" alt=\"petites s\u0153urs se cachant des Allemands\" class=\"wp-image-2484\" srcset=\"https:\/\/auschwitztoursfromwarsaw.com\/wp-content\/uploads\/2024\/10\/little-sisters-hiding-from-the-Germans-300x300.jpg 300w, https:\/\/auschwitztoursfromwarsaw.com\/wp-content\/uploads\/2024\/10\/little-sisters-hiding-from-the-Germans-150x150.jpg 150w, https:\/\/auschwitztoursfromwarsaw.com\/wp-content\/uploads\/2024\/10\/little-sisters-hiding-from-the-Germans-768x768.jpg 768w, https:\/\/auschwitztoursfromwarsaw.com\/wp-content\/uploads\/2024\/10\/little-sisters-hiding-from-the-Germans.jpg 1024w\" sizes=\"(max-width: 300px) 100vw, 300px\" \/><\/figure>\n<\/div>\n\n\n<h4 class=\"wp-block-heading has-text-align-center\">\u00ab&nbsp;Survie \u00e0 Auschwitz&nbsp;\u00bb (Si c\u2019est un homme) de Primo Levi<\/h4>\n\n\n\n<p class=\"\">Dans ce livre classique, Primo Levi nous raconte son exp\u00e9rience en tant que juif italien \u00e0 Auschwitz. Il rend compte minute par minute de la vie dans les camps et de la lutte pour rester humain face \u00e0 la d\u00e9shumanisation. <\/p>\n\n\n\n<p class=\"\">Il explore les complexit\u00e9s morales et la volont\u00e9 de survivre sous le r\u00e9gime nazi. \u00ab&nbsp;Survie \u00e0 Auschwitz&nbsp;\u00bb est un excellent livre sur Auschwitz Birkenau pour comprendre le c\u00f4t\u00e9 personnel de l\u2019Holocauste. <\/p>\n\n\n<div class=\"wp-block-image\">\n<figure class=\"aligncenter size-medium\"><img decoding=\"async\" width=\"300\" height=\"200\" src=\"https:\/\/auschwitztoursfromwarsaw.com\/wp-content\/uploads\/2024\/10\/visiting-Auschwitz-from-Warsaw-300x200.jpg\" alt=\"visiter Auschwitz depuis Varsovie\" class=\"wp-image-2313\" srcset=\"https:\/\/auschwitztoursfromwarsaw.com\/wp-content\/uploads\/2024\/10\/visiting-Auschwitz-from-Warsaw-300x200.jpg 300w, https:\/\/auschwitztoursfromwarsaw.com\/wp-content\/uploads\/2024\/10\/visiting-Auschwitz-from-Warsaw-1024x683.jpg 1024w, https:\/\/auschwitztoursfromwarsaw.com\/wp-content\/uploads\/2024\/10\/visiting-Auschwitz-from-Warsaw-768x512.jpg 768w, https:\/\/auschwitztoursfromwarsaw.com\/wp-content\/uploads\/2024\/10\/visiting-Auschwitz-from-Warsaw.jpg 1500w\" sizes=\"(max-width: 300px) 100vw, 300px\" \/><\/figure>\n<\/div>\n\n\n<h3 class=\"wp-block-heading has-text-align-center\">R\u00e9cits historiques<\/h3>\n\n\n\n<h4 class=\"wp-block-heading has-text-align-center\">\u00ab Auschwitz : une nouvelle histoire \u00bb de Laurence Rees<\/h4>\n\n\n\n<p class=\"\">Laurence Rees raconte l\u2019histoire extraordinaire d\u2019Auschwitz, de sa cr\u00e9ation \u00e0 son r\u00f4le dans le programme d\u2019extermination nazi.<\/p>\n\n\n\n<p class=\"\">\u00c0 l\u2019aide de t\u00e9moignages de survivants et de nazis, il explique comment Auschwitz est devenu le symbole de l\u2019Holocauste.<\/p>\n\n\n\n<p class=\"\">Il se penche sur la m\u00e9canique du camp, la mise en \u0153uvre de la Solution finale et la vie dans la r\u00e9alit\u00e9 quotidienne des prisonniers. Une lecture incontournable pour comprendre Auschwitz dans le contexte de la Seconde Guerre mondiale. <\/p>\n\n\n<div class=\"wp-block-image\">\n<figure class=\"aligncenter size-medium\"><img decoding=\"async\" width=\"300\" height=\"300\" src=\"https:\/\/auschwitztoursfromwarsaw.com\/wp-content\/uploads\/2024\/10\/soldier-looking-for-jews-during-the-holocaust-300x300.jpg\" alt=\"Soldat \u00e0 la recherche de Juifs pendant l\u2019Holocauste\" class=\"wp-image-2478\" srcset=\"https:\/\/auschwitztoursfromwarsaw.com\/wp-content\/uploads\/2024\/10\/soldier-looking-for-jews-during-the-holocaust-300x300.jpg 300w, https:\/\/auschwitztoursfromwarsaw.com\/wp-content\/uploads\/2024\/10\/soldier-looking-for-jews-during-the-holocaust-150x150.jpg 150w, https:\/\/auschwitztoursfromwarsaw.com\/wp-content\/uploads\/2024\/10\/soldier-looking-for-jews-during-the-holocaust-768x768.jpg 768w, https:\/\/auschwitztoursfromwarsaw.com\/wp-content\/uploads\/2024\/10\/soldier-looking-for-jews-during-the-holocaust.jpg 1024w\" sizes=\"(max-width: 300px) 100vw, 300px\" \/><\/figure>\n<\/div>\n\n\n<h4 class=\"wp-block-heading has-text-align-center\">\u00ab&nbsp;L\u2019Holocauste : une nouvelle histoire&nbsp;\u00bb par Laurence Rees<\/h4>\n\n\n\n<p class=\"\">Dans cette introduction facile \u00e0 lire \u00e0 l\u2019Holocauste, Rees se penche sur les racines de l\u2019antis\u00e9mitisme et la mont\u00e9e de l\u2019Allemagne nazie. Il suit la s\u00e9quence des \u00e9v\u00e9nements qui ont conduit au meurtre de six millions de Juifs et de millions d\u2019autres. <\/p>\n\n\n\n<p class=\"\">Le livre combine une analyse historique et des histoires personnelles pour montrer l\u2019\u00e9tendue du r\u00e9gime nazi en Europe occidentale et orientale.<\/p>\n\n\n\n<p class=\"\">Nous recommandons ce livre sur l\u2019Holocauste \u00e0 tous ceux qui veulent comprendre les causes et les effets dans notre monde d\u2019aujourd\u2019hui.<\/p>\n\n\n<div class=\"wp-block-image\">\n<figure class=\"aligncenter size-medium\"><img decoding=\"async\" width=\"300\" height=\"224\" src=\"https:\/\/auschwitztoursfromwarsaw.com\/wp-content\/uploads\/2024\/10\/Beds-at-Auschwitz-Birkenau-300x224.jpg\" alt=\"Lits \u00e0 Auschwitz Birkenau\" class=\"wp-image-2333\" srcset=\"https:\/\/auschwitztoursfromwarsaw.com\/wp-content\/uploads\/2024\/10\/Beds-at-Auschwitz-Birkenau-300x224.jpg 300w, https:\/\/auschwitztoursfromwarsaw.com\/wp-content\/uploads\/2024\/10\/Beds-at-Auschwitz-Birkenau-1024x763.jpg 1024w, https:\/\/auschwitztoursfromwarsaw.com\/wp-content\/uploads\/2024\/10\/Beds-at-Auschwitz-Birkenau-768x572.jpg 768w, https:\/\/auschwitztoursfromwarsaw.com\/wp-content\/uploads\/2024\/10\/Beds-at-Auschwitz-Birkenau.jpg 1500w\" sizes=\"(max-width: 300px) 100vw, 300px\" \/><\/figure>\n<\/div>\n\n\n<h4 class=\"wp-block-heading has-text-align-center\">\u00ab&nbsp;Auschwitz et les Alli\u00e9s&nbsp;\u00bb de Martin Gilbert<\/h4>\n\n\n\n<p class=\"\">Martin Gilbert examine ce que les Alli\u00e9s savaient d\u2019Auschwitz pendant la Seconde Guerre mondiale. Il se penche sur les renseignements recueillis, les r\u00e9ponses (ou l\u2019absence de r\u00e9ponses) des gouvernements alli\u00e9s et les questions morales soulev\u00e9es par leurs actions. <\/p>\n\n\n\n<p class=\"\">Ses recherches soul\u00e8vent d\u2019importantes questions sur la responsabilit\u00e9 et l\u2019intervention internationales. Une lecture incontournable pour comprendre le contexte mondial de l\u2019Holocauste et la politique en temps de guerre. <\/p>\n\n\n<div class=\"wp-block-image\">\n<figure class=\"aligncenter size-medium\"><img decoding=\"async\" width=\"300\" height=\"300\" src=\"https:\/\/auschwitztoursfromwarsaw.com\/wp-content\/uploads\/2024\/10\/woman-sleeping-in-the-snow-at-Auschwitz-300x300.jpg\" alt=\"femme dormant dans la neige \u00e0 Auschwitz\" class=\"wp-image-2480\" srcset=\"https:\/\/auschwitztoursfromwarsaw.com\/wp-content\/uploads\/2024\/10\/woman-sleeping-in-the-snow-at-Auschwitz-300x300.jpg 300w, https:\/\/auschwitztoursfromwarsaw.com\/wp-content\/uploads\/2024\/10\/woman-sleeping-in-the-snow-at-Auschwitz-150x150.jpg 150w, https:\/\/auschwitztoursfromwarsaw.com\/wp-content\/uploads\/2024\/10\/woman-sleeping-in-the-snow-at-Auschwitz-768x768.jpg 768w, https:\/\/auschwitztoursfromwarsaw.com\/wp-content\/uploads\/2024\/10\/woman-sleeping-in-the-snow-at-Auschwitz.jpg 1024w\" sizes=\"(max-width: 300px) 100vw, 300px\" \/><\/figure>\n<\/div>\n\n\n<h4 class=\"wp-block-heading has-text-align-center\">\u00ab&nbsp;KL : Une histoire des camps de concentration nazis&nbsp;\u00bb par Nikolaus Wachsmann<\/h4>\n\n\n\n<p class=\"\">Nikolaus Wachsmann plonge dans l\u2019histoire du syst\u00e8me concentrationnaire nazi, connu sous le nom de \u00ab KL \u00bb (Konzentrationslager). Il ne s\u2019agit pas seulement d\u2019Auschwitz, mais d\u2019autres camps qui faisaient partie de la machine d\u2019oppression nazie. <\/p>\n\n\n\n<p class=\"\">Wachsmann se penche sur le d\u00e9veloppement, l\u2019organisation et la vie quotidienne dans les camps, ainsi que sur la vie des prisonniers et des gardiens.<\/p>\n\n\n\n<p class=\"\">Ce livre montre comment les camps ont jou\u00e9 un r\u00f4le central dans le contr\u00f4le et la pers\u00e9cution du r\u00e9gime nazi, non seulement des victimes juives, mais aussi des prisonniers politiques et d\u2019autres groupes cibl\u00e9s.<\/p>\n\n\n<div class=\"wp-block-image\">\n<figure class=\"aligncenter size-medium\"><img decoding=\"async\" width=\"300\" height=\"200\" src=\"https:\/\/auschwitztoursfromwarsaw.com\/wp-content\/uploads\/2024\/10\/Barracks-at-Auschwitz-on-a-sunny-day-300x200.jpg\" alt=\"Caserne \u00e0 Auschwitz par une journ\u00e9e ensoleill\u00e9e\" class=\"wp-image-2434\" srcset=\"https:\/\/auschwitztoursfromwarsaw.com\/wp-content\/uploads\/2024\/10\/Barracks-at-Auschwitz-on-a-sunny-day-300x200.jpg 300w, https:\/\/auschwitztoursfromwarsaw.com\/wp-content\/uploads\/2024\/10\/Barracks-at-Auschwitz-on-a-sunny-day-1024x683.jpg 1024w, https:\/\/auschwitztoursfromwarsaw.com\/wp-content\/uploads\/2024\/10\/Barracks-at-Auschwitz-on-a-sunny-day-768x512.jpg 768w, https:\/\/auschwitztoursfromwarsaw.com\/wp-content\/uploads\/2024\/10\/Barracks-at-Auschwitz-on-a-sunny-day.jpg 1500w\" sizes=\"(max-width: 300px) 100vw, 300px\" \/><\/figure>\n<\/div>\n\n\n<h3 class=\"wp-block-heading has-text-align-center\">Fiction inspir\u00e9e de faits r\u00e9els<\/h3>\n\n\n<div data-vi-partner-id=P00037809 data-vi-widget-ref=W-3cd07aa2-7f61-4f90-9c1e-80b88814dbe9 ><\/div>\n<p><script async src=\"https:\/\/www.viator.com\/orion\/partner\/widget.js\"><\/script><\/p>\n\n\n\n<h4 class=\"wp-block-heading has-text-align-center\">\u00ab&nbsp;Le tatoueur d\u2019Auschwitz&nbsp;\u00bb par Heather Morris<\/h4>\n\n\n\n<p class=\"\">Bas\u00e9 sur l\u2019histoire vraie de Lale Sokolov, un juif slovaque, ce livre raconte l\u2019histoire du tatoueur qui a tatou\u00e9 des prisonniers \u00e0 Auschwitz.<\/p>\n\n\n\n<p class=\"\">Au milieu de l\u2019horreur, Lale tombe amoureuse de Gita, une autre prisonni\u00e8re, et nous montre une histoire puissante d\u2019amour et d\u2019espoir. Heather Morris donne vie aux luttes quotidiennes et aux actes de gentillesse qui se sont produits m\u00eame dans les moments les plus sombres. <\/p>\n\n\n\n<p class=\"\">Cette histoire \u00e9tonnante parle de l\u2019esprit humain et de l\u2019amour face \u00e0 des obstacles impossibles.<\/p>\n\n\n<div class=\"wp-block-image\">\n<figure class=\"aligncenter size-medium\"><img decoding=\"async\" width=\"300\" height=\"300\" src=\"https:\/\/auschwitztoursfromwarsaw.com\/wp-content\/uploads\/2024\/10\/Sisters-hiding-during-the-second-world-war-300x300.jpg\" alt=\"Des s\u0153urs se cachent pendant la seconde guerre mondiale\" class=\"wp-image-2477\" srcset=\"https:\/\/auschwitztoursfromwarsaw.com\/wp-content\/uploads\/2024\/10\/Sisters-hiding-during-the-second-world-war-300x300.jpg 300w, https:\/\/auschwitztoursfromwarsaw.com\/wp-content\/uploads\/2024\/10\/Sisters-hiding-during-the-second-world-war-150x150.jpg 150w, https:\/\/auschwitztoursfromwarsaw.com\/wp-content\/uploads\/2024\/10\/Sisters-hiding-during-the-second-world-war-768x768.jpg 768w, https:\/\/auschwitztoursfromwarsaw.com\/wp-content\/uploads\/2024\/10\/Sisters-hiding-during-the-second-world-war.jpg 1024w\" sizes=\"(max-width: 300px) 100vw, 300px\" \/><\/figure>\n<\/div>\n\n\n<h4 class=\"wp-block-heading has-text-align-center\">\u00ab&nbsp;La liste de Schindler&nbsp;\u00bb de Thomas Keneally<\/h4>\n\n\n\n<p class=\"\">Thomas Keneally raconte l\u2019histoire vraie d\u2019Oskar Schindler, un industriel allemand qui a sauv\u00e9 plus d\u2019un millier de Juifs en les employant dans ses usines.<\/p>\n\n\n\n<p class=\"\">Le livre raconte la transformation de Schindler, d\u2019un homme d\u2019affaires intransigeant \u00e0 un sauveur qui a risqu\u00e9 sa vie contre le r\u00e9gime nazi.<\/p>\n\n\n\n<p class=\"\">\u00c0 travers les r\u00e9cits de Keneally, nous voyons comment une personne peut faire une diff\u00e9rence en p\u00e9riode de crise morale. \u00ab La Liste de Schindler \u00bb traite du courage, de la compassion et de la condition humaine pendant l\u2019Holocauste. <\/p>\n\n\n<div class=\"wp-block-image\">\n<figure class=\"aligncenter size-medium\"><img decoding=\"async\" width=\"300\" height=\"300\" src=\"https:\/\/auschwitztoursfromwarsaw.com\/wp-content\/uploads\/2024\/10\/woman-playing-violin-during-world-war-ii-300x300.jpg\" alt=\"Femme jouant du violon pendant la Seconde Guerre mondiale\" class=\"wp-image-2479\" srcset=\"https:\/\/auschwitztoursfromwarsaw.com\/wp-content\/uploads\/2024\/10\/woman-playing-violin-during-world-war-ii-300x300.jpg 300w, https:\/\/auschwitztoursfromwarsaw.com\/wp-content\/uploads\/2024\/10\/woman-playing-violin-during-world-war-ii-150x150.jpg 150w, https:\/\/auschwitztoursfromwarsaw.com\/wp-content\/uploads\/2024\/10\/woman-playing-violin-during-world-war-ii-768x768.jpg 768w, https:\/\/auschwitztoursfromwarsaw.com\/wp-content\/uploads\/2024\/10\/woman-playing-violin-during-world-war-ii.jpg 1024w\" sizes=\"(max-width: 300px) 100vw, 300px\" \/><\/figure>\n<\/div>\n\n\n<h4 class=\"wp-block-heading has-text-align-center\">\u00ab&nbsp;Le gar\u00e7on au pyjama ray\u00e9&nbsp;\u00bb de John Boyne<\/h4>\n\n\n\n<p class=\"\">Ce livre raconte l\u2019histoire de Bruno, le fils de neuf ans d\u2019un commandant nazi, qui se lie d\u2019amiti\u00e9 avec Shmuel, un gar\u00e7on juif d\u2019Auschwitz.<\/p>\n\n\n\n<p class=\"\">\u00c0 travers les yeux d\u2019un enfant, nous voyons l\u2019absurdit\u00e9 et l\u2019horreur de l\u2019Holocauste. John Boyne nous montre une belle histoire qui nous fait r\u00e9fl\u00e9chir sur l\u2019innocence, l\u2019ignorance et les divisions arbitraires cr\u00e9\u00e9es par les pr\u00e9jug\u00e9s. <\/p>\n\n\n\n<p class=\"\">Bien que fictif, c\u2019est un puissant rappel du co\u00fbt humain de la haine et de l\u2019importance de la compassion.<\/p>\n\n\n<div class=\"wp-block-image\">\n<figure class=\"aligncenter size-medium\"><img decoding=\"async\" width=\"300\" height=\"300\" src=\"https:\/\/auschwitztoursfromwarsaw.com\/wp-content\/uploads\/2024\/10\/little-boy-alone-hiding-from-the-war-during-the-holocaust-300x300.jpg\" alt=\"Un petit gar\u00e7on seul se cachant de la guerre pendant l\u2019Holocauste\" class=\"wp-image-2485\" srcset=\"https:\/\/auschwitztoursfromwarsaw.com\/wp-content\/uploads\/2024\/10\/little-boy-alone-hiding-from-the-war-during-the-holocaust-300x300.jpg 300w, https:\/\/auschwitztoursfromwarsaw.com\/wp-content\/uploads\/2024\/10\/little-boy-alone-hiding-from-the-war-during-the-holocaust-150x150.jpg 150w, https:\/\/auschwitztoursfromwarsaw.com\/wp-content\/uploads\/2024\/10\/little-boy-alone-hiding-from-the-war-during-the-holocaust-768x768.jpg 768w, https:\/\/auschwitztoursfromwarsaw.com\/wp-content\/uploads\/2024\/10\/little-boy-alone-hiding-from-the-war-during-the-holocaust.jpg 1024w\" sizes=\"(max-width: 300px) 100vw, 300px\" \/><\/figure>\n<\/div>\n\n\n<h3 class=\"wp-block-heading has-text-align-center\">\u00c9tudes approfondies sur l\u2019Holocauste<\/h3>\n\n\n\n<h4 class=\"wp-block-heading has-text-align-center\">\u00ab La destruction des Juifs d\u2019Europe \u00bb par Raul Hilberg<\/h4>\n\n\n\n<p class=\"\">Le livre classique de Raul Hilberg aborde les m\u00e9canismes de l\u2019Holocauste, en se concentrant sur les processus qui ont conduit \u00e0 la destruction des Juifs europ\u00e9ens. Il se penche sur les institutions, les bureaucraties et les individus impliqu\u00e9s dans la Solution finale. <\/p>\n\n\n\n<p class=\"\">Les recherches de Hilberg sont approfondies et montrent comment des syst\u00e8mes ordinaires ont \u00e9t\u00e9 utilis\u00e9s pour commettre un g\u00e9nocide.<\/p>\n\n\n<div class=\"wp-block-image\">\n<figure class=\"aligncenter size-medium\"><img decoding=\"async\" width=\"300\" height=\"300\" src=\"https:\/\/auschwitztoursfromwarsaw.com\/wp-content\/uploads\/2024\/10\/boys-hiding-during-the-holocaust-300x300.jpg\" alt=\"Des gar\u00e7ons se cachent pendant l\u2019Holocauste\" class=\"wp-image-2487\" srcset=\"https:\/\/auschwitztoursfromwarsaw.com\/wp-content\/uploads\/2024\/10\/boys-hiding-during-the-holocaust-300x300.jpg 300w, https:\/\/auschwitztoursfromwarsaw.com\/wp-content\/uploads\/2024\/10\/boys-hiding-during-the-holocaust-150x150.jpg 150w, https:\/\/auschwitztoursfromwarsaw.com\/wp-content\/uploads\/2024\/10\/boys-hiding-during-the-holocaust-768x768.jpg 768w, https:\/\/auschwitztoursfromwarsaw.com\/wp-content\/uploads\/2024\/10\/boys-hiding-during-the-holocaust.jpg 1024w\" sizes=\"(max-width: 300px) 100vw, 300px\" \/><\/figure>\n<\/div>\n\n\n<h4 class=\"wp-block-heading has-text-align-center\">\u00ab&nbsp;Hommes ordinaires : le bataillon de police de r\u00e9serve 101 et la solution finale en Pologne&nbsp;\u00bb par Christopher Browning<\/h4>\n\n\n\n<p class=\"\">Christopher Browning se penche sur la fa\u00e7on dont des hommes allemands ordinaires du 101e bataillon de police de r\u00e9serve sont devenus des meurtriers de masse en Pologne.<\/p>\n\n\n\n<p class=\"\">\u00c0 travers des documents historiques et des t\u00e9moignages, il explore comment ces hommes ont chang\u00e9.<\/p>\n\n\n\n<p class=\"\">Le livre se penche sur la conformit\u00e9, l\u2019ob\u00e9issance et la capacit\u00e9 de mal chez les gens ordinaires. Browning soul\u00e8ve d\u2019importantes questions sur la moralit\u00e9, l\u2019autorit\u00e9 et la responsabilit\u00e9 personnelle \u00e0 l\u2019\u00e9poque nazie. <\/p>\n\n\n<div class=\"wp-block-image\">\n<figure class=\"aligncenter size-medium\"><img decoding=\"async\" width=\"300\" height=\"300\" src=\"https:\/\/auschwitztoursfromwarsaw.com\/wp-content\/uploads\/2024\/10\/family-in-a-dark-house-hiding-during-second-world-war-300x300.jpg\" alt=\"Famille dans une maison sombre cach\u00e9e pendant la Seconde Guerre mondiale\" class=\"wp-image-2486\" srcset=\"https:\/\/auschwitztoursfromwarsaw.com\/wp-content\/uploads\/2024\/10\/family-in-a-dark-house-hiding-during-second-world-war-300x300.jpg 300w, https:\/\/auschwitztoursfromwarsaw.com\/wp-content\/uploads\/2024\/10\/family-in-a-dark-house-hiding-during-second-world-war-150x150.jpg 150w, https:\/\/auschwitztoursfromwarsaw.com\/wp-content\/uploads\/2024\/10\/family-in-a-dark-house-hiding-during-second-world-war-768x768.jpg 768w, https:\/\/auschwitztoursfromwarsaw.com\/wp-content\/uploads\/2024\/10\/family-in-a-dark-house-hiding-during-second-world-war.jpg 1024w\" sizes=\"(max-width: 300px) 100vw, 300px\" \/><\/figure>\n<\/div>\n\n\n<h4 class=\"wp-block-heading has-text-align-center\">\u00ab&nbsp;Les bourreaux volontaires d\u2019Hitler&nbsp;\u00bb par Daniel Goldhagen<\/h4>\n\n\n\n<p class=\"\">Le livre de Daniel Goldhagen soutient qu\u2019un type particulier d&#8217;\u00ab antis\u00e9mitisme \u00e9liminationniste \u00bb dans la soci\u00e9t\u00e9 allemande a rendu les Allemands ordinaires dispos\u00e9s \u00e0 participer \u00e0 l\u2019Holocauste. Il remet en question les interpr\u00e9tations pr\u00e9c\u00e9dentes en examinant le r\u00f4le des croyances soci\u00e9tales r\u00e9pandues. <\/p>\n\n\n\n<p class=\"\">Le livre soul\u00e8ve des questions sur les motivations et l\u2019\u00e9tendue de la culpabilit\u00e9 collective. D\u00e9battue par les chercheurs mais un ajout important aux \u00e9tudes sur l\u2019Holocauste, elle vous fait r\u00e9fl\u00e9chir sur les nombreux facteurs qui permettent le g\u00e9nocide. <\/p>\n\n\n<div class=\"wp-block-image\">\n<figure class=\"aligncenter size-medium\"><img decoding=\"async\" width=\"300\" height=\"300\" src=\"https:\/\/auschwitztoursfromwarsaw.com\/wp-content\/uploads\/2024\/10\/Auschwitz-books-300x300.jpg\" alt=\"Livres d\u2019Auschwitz\" class=\"wp-image-2483\" srcset=\"https:\/\/auschwitztoursfromwarsaw.com\/wp-content\/uploads\/2024\/10\/Auschwitz-books-300x300.jpg 300w, https:\/\/auschwitztoursfromwarsaw.com\/wp-content\/uploads\/2024\/10\/Auschwitz-books-150x150.jpg 150w, https:\/\/auschwitztoursfromwarsaw.com\/wp-content\/uploads\/2024\/10\/Auschwitz-books-768x768.jpg 768w, https:\/\/auschwitztoursfromwarsaw.com\/wp-content\/uploads\/2024\/10\/Auschwitz-books.jpg 1024w\" sizes=\"(max-width: 300px) 100vw, 300px\" \/><\/figure>\n<\/div>\n\n\n<h3 class=\"wp-block-heading has-text-align-center\">Exp\u00e9riences des femmes dans l\u2019Holocauste<\/h3>\n\n\n\n<h4 class=\"wp-block-heading has-text-align-center\">\u00ab La promesse de Rena : une histoire de s\u0153urs \u00e0 Auschwitz \u00bb par Rena Kornreich Gelissen<\/h4>\n\n\n\n<p class=\"\">Rena Kornreich Gelissen a surv\u00e9cu \u00e0 Auschwitz avec sa s\u0153ur Danka. L\u2019une des premi\u00e8res femmes juives \u00e0 \u00eatre envoy\u00e9e dans le camp, Rena raconte l\u2019histoire de leurs luttes quotidiennes et comment elles se soutenaient mutuellement. <\/p>\n\n\n\n<p class=\"\">Les m\u00e9moires traitent des exp\u00e9riences et des d\u00e9fis particuliers des femmes pendant l\u2019Holocauste.<\/p>\n\n\n\n<p class=\"\">L\u2019histoire de Rena parle du lien indissoluble de la famille et de la force n\u00e9cessaire pour survivre dans l\u2019un des environnements les plus brutaux de l\u2019histoire.<\/p>\n\n\n<div class=\"wp-block-image\">\n<figure class=\"aligncenter size-medium\"><img decoding=\"async\" width=\"300\" height=\"200\" src=\"https:\/\/auschwitztoursfromwarsaw.com\/wp-content\/uploads\/2024\/10\/day-trips-to-Auschwitz-from-Warsaw-300x200.jpg\" alt=\"excursions d\u2019une journ\u00e9e \u00e0 Auschwitz au d\u00e9part de Varsovie\" class=\"wp-image-2319\" srcset=\"https:\/\/auschwitztoursfromwarsaw.com\/wp-content\/uploads\/2024\/10\/day-trips-to-Auschwitz-from-Warsaw-300x200.jpg 300w, https:\/\/auschwitztoursfromwarsaw.com\/wp-content\/uploads\/2024\/10\/day-trips-to-Auschwitz-from-Warsaw-1024x683.jpg 1024w, https:\/\/auschwitztoursfromwarsaw.com\/wp-content\/uploads\/2024\/10\/day-trips-to-Auschwitz-from-Warsaw-768x512.jpg 768w, https:\/\/auschwitztoursfromwarsaw.com\/wp-content\/uploads\/2024\/10\/day-trips-to-Auschwitz-from-Warsaw.jpg 1500w\" sizes=\"(max-width: 300px) 100vw, 300px\" \/><\/figure>\n<\/div>\n\n\n<h4 class=\"wp-block-heading has-text-align-center\">\u00ab&nbsp;Lilac Girls&nbsp;\u00bb par Martha Hall Kelly<\/h4>\n\n\n\n<p class=\"\">\u00ab&nbsp;Lilac Girls&nbsp;\u00bb est un roman de fiction historique qui tisse les histoires de trois femmes &#8211; une mondaine new-yorkaise, une adolescente polonaise et un m\u00e9decin allemand &#8211; pendant la Seconde Guerre mondiale. Le livre se penche sur les atrocit\u00e9s qui se sont produites \u00e0 Ravensbr\u00fcck, un camp de concentration pour femmes. <\/p>\n\n\n\n<p class=\"\">Martha Hall Kelly utilise des personnages r\u00e9els pour explorer le courage, la r\u00e9demption et la condition humaine.<\/p>\n\n\n\n<p class=\"\">Ce livre couvre les exp\u00e9riences souvent n\u00e9glig\u00e9es des femmes et l\u2019impact de l\u2019Holocauste sur leur vie.<\/p>\n\n\n<div class=\"wp-block-image\">\n<figure class=\"aligncenter size-medium\"><img decoding=\"async\" width=\"300\" height=\"200\" src=\"https:\/\/auschwitztoursfromwarsaw.com\/wp-content\/uploads\/2024\/10\/taking-a-daily-trip-to-Auschwitz-from-Warsaw-300x200.jpg\" alt=\"faire une excursion quotidienne \u00e0 Auschwitz au d\u00e9part de Varsovie\" class=\"wp-image-2317\" srcset=\"https:\/\/auschwitztoursfromwarsaw.com\/wp-content\/uploads\/2024\/10\/taking-a-daily-trip-to-Auschwitz-from-Warsaw-300x200.jpg 300w, https:\/\/auschwitztoursfromwarsaw.com\/wp-content\/uploads\/2024\/10\/taking-a-daily-trip-to-Auschwitz-from-Warsaw-1024x683.jpg 1024w, https:\/\/auschwitztoursfromwarsaw.com\/wp-content\/uploads\/2024\/10\/taking-a-daily-trip-to-Auschwitz-from-Warsaw-768x512.jpg 768w, https:\/\/auschwitztoursfromwarsaw.com\/wp-content\/uploads\/2024\/10\/taking-a-daily-trip-to-Auschwitz-from-Warsaw.jpg 1500w\" sizes=\"(max-width: 300px) 100vw, 300px\" \/><\/figure>\n<\/div>\n\n\n<h3 class=\"wp-block-heading has-text-align-center\">Perspectives moins connues<\/h3>\n\n\n\n<h4 class=\"wp-block-heading has-text-align-center\">\u00ab&nbsp;Le biblioth\u00e9caire d\u2019Auschwitz&nbsp;\u00bb d\u2019Antonio Iturbe<\/h4>\n\n\n\n<p class=\"\">Bas\u00e9 sur l\u2019histoire vraie de Dita Kraus, ce livre raconte l\u2019histoire d\u2019une jeune fille qui devient la biblioth\u00e9caire d\u2019une \u00e9cole secr\u00e8te \u00e0 Auschwitz.<\/p>\n\n\n\n<p class=\"\">Elle risque sa vie pour sauver quelques livres, Dita est l\u2019incarnation du savoir et de l\u2019\u00e9ducation comme formes de r\u00e9sistance.<\/p>\n\n\n\n<p class=\"\">Antonio Iturbe montre comment l\u2019espoir et la libert\u00e9 intellectuelle peuvent \u00eatre un outil puissant contre l\u2019oppression. C\u2019est ainsi que de petits actes de r\u00e9bellion peuvent \u00eatre grands dans les p\u00e9riodes sombres. <\/p>\n\n\n<div class=\"wp-block-image\">\n<figure class=\"aligncenter size-medium\"><img decoding=\"async\" width=\"300\" height=\"300\" src=\"https:\/\/auschwitztoursfromwarsaw.com\/wp-content\/uploads\/2024\/10\/children-hiding-in-a-house-300x300.jpg\" alt=\"Enfants cach\u00e9s dans une maison\" class=\"wp-image-2489\" srcset=\"https:\/\/auschwitztoursfromwarsaw.com\/wp-content\/uploads\/2024\/10\/children-hiding-in-a-house-300x300.jpg 300w, https:\/\/auschwitztoursfromwarsaw.com\/wp-content\/uploads\/2024\/10\/children-hiding-in-a-house-150x150.jpg 150w, https:\/\/auschwitztoursfromwarsaw.com\/wp-content\/uploads\/2024\/10\/children-hiding-in-a-house-768x768.jpg 768w, https:\/\/auschwitztoursfromwarsaw.com\/wp-content\/uploads\/2024\/10\/children-hiding-in-a-house.jpg 1024w\" sizes=\"(max-width: 300px) 100vw, 300px\" \/><\/figure>\n<\/div>\n\n\n<h4 class=\"wp-block-heading has-text-align-center\">\u00ab&nbsp;Les enfants d\u2019Irena&nbsp;\u00bb de Tilar J. Mazzeo<\/h4>\n\n\n\n<p class=\"\">\u00ab Les enfants d\u2019Irena \u00bb raconte l\u2019histoire d\u2019Irena Sendler, une travailleuse sociale polonaise qui a sauv\u00e9 plus de 2 500 enfants juifs du ghetto de Varsovie. Tilar J. Mazzeo explique comment Irena et son r\u00e9seau ont fait passer clandestinement des enfants en lieu s\u00fbr et leur ont donn\u00e9 de nouveaux noms et l\u2019espoir d\u2019un avenir. <\/p>\n\n\n\n<p class=\"\">Le livre c\u00e9l\u00e8bre des gens ordinaires qui ont tout risqu\u00e9 pour d\u00e9fier le r\u00e9gime nazi. L\u2019histoire d\u2019Irena est un rappel de ce qu\u2019une personne peut faire pour arr\u00eater le mal. <\/p>\n\n\n<div class=\"wp-block-image\">\n<figure class=\"aligncenter size-medium\"><img decoding=\"async\" width=\"300\" height=\"300\" src=\"https:\/\/auschwitztoursfromwarsaw.com\/wp-content\/uploads\/2024\/10\/children-hiding-from-soldier-300x300.jpg\" alt=\"Enfants se cachant du soldat\" class=\"wp-image-2492\" srcset=\"https:\/\/auschwitztoursfromwarsaw.com\/wp-content\/uploads\/2024\/10\/children-hiding-from-soldier-300x300.jpg 300w, https:\/\/auschwitztoursfromwarsaw.com\/wp-content\/uploads\/2024\/10\/children-hiding-from-soldier-150x150.jpg 150w, https:\/\/auschwitztoursfromwarsaw.com\/wp-content\/uploads\/2024\/10\/children-hiding-from-soldier-768x768.jpg 768w, https:\/\/auschwitztoursfromwarsaw.com\/wp-content\/uploads\/2024\/10\/children-hiding-from-soldier.jpg 1024w\" sizes=\"(max-width: 300px) 100vw, 300px\" \/><\/figure>\n<\/div>\n\n\n<h4 class=\"wp-block-heading has-text-align-center\">\u00ab Le volontaire d\u2019Auschwitz : au-del\u00e0 de la bravoure \u00bb de Witold Pilecki<\/h4>\n\n\n\n<p class=\"\">L\u2019histoire de Witold Pilecki, un officier de l\u2019arm\u00e9e polonaise qui s\u2019est port\u00e9 volontaire pour \u00eatre emprisonn\u00e9 \u00e0 Auschwitz afin de recueillir des renseignements et d\u2019organiser la r\u00e9sistance.<\/p>\n\n\n\n<p class=\"\">Ses rapports ont \u00e9t\u00e9 les premiers \u00e0 informer les Alli\u00e9s de ce qui se passait dans le camp.<\/p>\n\n\n\n<p class=\"\">La bravoure et l\u2019engagement de Pilecki sont une vision unique de la r\u00e9sistance interne contre les nazis. Son histoire montre comment la bravoure peut \u00eatre utilis\u00e9e pour lutter contre l\u2019oppression de l\u2019int\u00e9rieur. <\/p>\n\n\n<div class=\"wp-block-image\">\n<figure class=\"aligncenter size-medium\"><img decoding=\"async\" width=\"300\" height=\"300\" src=\"https:\/\/auschwitztoursfromwarsaw.com\/wp-content\/uploads\/2024\/10\/soldiers-checking-a-boy-diary-300x300.jpg\" alt=\"Soldats v\u00e9rifiant le journal d\u2019un gar\u00e7on\" class=\"wp-image-2490\" srcset=\"https:\/\/auschwitztoursfromwarsaw.com\/wp-content\/uploads\/2024\/10\/soldiers-checking-a-boy-diary-300x300.jpg 300w, https:\/\/auschwitztoursfromwarsaw.com\/wp-content\/uploads\/2024\/10\/soldiers-checking-a-boy-diary-150x150.jpg 150w, https:\/\/auschwitztoursfromwarsaw.com\/wp-content\/uploads\/2024\/10\/soldiers-checking-a-boy-diary-768x768.jpg 768w, https:\/\/auschwitztoursfromwarsaw.com\/wp-content\/uploads\/2024\/10\/soldiers-checking-a-boy-diary.jpg 1024w\" sizes=\"(max-width: 300px) 100vw, 300px\" \/><\/figure>\n<\/div>\n\n\n<h4 class=\"wp-block-heading has-text-align-center\">\u00ab&nbsp;Les enfants cach\u00e9s&nbsp;\u00bb de Jane Marks<\/h4>\n\n\n\n<p class=\"\">Jane Marks rassemble les histoires d\u2019enfants juifs qui ont surv\u00e9cu \u00e0 l\u2019Holocauste en se cachant dans des greniers et des granges ou en adoptant de fausses identit\u00e9s.<\/p>\n\n\n\n<p class=\"\">Ces histoires montrent la peur, la confusion et la perte des plus jeunes victimes de la pers\u00e9cution nazie. Le livre traite de la r\u00e9silience des enfants qui, malgr\u00e9 la perte de leur enfance, ont trouv\u00e9 un moyen de survivre. <\/p>\n\n\n\n<p class=\"\">C\u2019est une lecture incontournable pour comprendre le co\u00fbt personnel de l\u2019Holocauste sur ses victimes les plus vuln\u00e9rables.<\/p>\n\n\n<div class=\"wp-block-image\">\n<figure class=\"aligncenter size-medium\"><img decoding=\"async\" width=\"300\" height=\"300\" src=\"https:\/\/auschwitztoursfromwarsaw.com\/wp-content\/uploads\/2024\/10\/soldiers-during-world-war-ii-300x300.jpg\" alt=\"Soldats pendant la Seconde Guerre mondiale\" class=\"wp-image-2491\" srcset=\"https:\/\/auschwitztoursfromwarsaw.com\/wp-content\/uploads\/2024\/10\/soldiers-during-world-war-ii-300x300.jpg 300w, https:\/\/auschwitztoursfromwarsaw.com\/wp-content\/uploads\/2024\/10\/soldiers-during-world-war-ii-150x150.jpg 150w, https:\/\/auschwitztoursfromwarsaw.com\/wp-content\/uploads\/2024\/10\/soldiers-during-world-war-ii-768x768.jpg 768w, https:\/\/auschwitztoursfromwarsaw.com\/wp-content\/uploads\/2024\/10\/soldiers-during-world-war-ii.jpg 1024w\" sizes=\"(max-width: 300px) 100vw, 300px\" \/><\/figure>\n<\/div>\n\n\n<h2 class=\"wp-block-heading has-text-align-center\">Crit\u00e8res de choix de ces livres<\/h2>\n\n\n\n<p class=\"\">Les livres sont un m\u00e9lange de m\u00e9moires, de r\u00e9cits historiques, de fictions bas\u00e9es sur des \u00e9v\u00e9nements r\u00e9els et de recherches approfondies. Ils offrent diff\u00e9rentes perspectives, allant des survivants racontant leur histoire aux historiens expliquant les m\u00e9canismes de la Solution finale. <\/p>\n\n\n\n<p class=\"\">Chaque livre est choisi pour son contenu informatif, \u00e9ducatif et \u00e9motionnel sur Auschwitz, l\u2019Holocauste et la Seconde Guerre mondiale.<\/p>\n\n\n\n<h3 class=\"wp-block-heading has-text-align-center\">Pourquoi les livres d\u2019Auschwitz sont-ils si importants ?<\/h3>\n\n\n\n<p class=\"\">Les livres sur Auschwitz plongent dans l\u2019une des parties les plus sombres de l\u2019histoire de l\u2019humanit\u00e9, l\u2019Holocauste. Il ne s\u2019agit pas seulement du pass\u00e9 ; Il s\u2019agit de survie, de bravoure et de lutte pour la justice. <\/p>\n\n\n\n<p class=\"\">Ils montrent ce que les gens ont travers\u00e9 et ce qu\u2019ils ont d\u00fb faire pour survivre, et nous vous recommandons vivement de les lire avant de participer <strong><a href=\"https:\/\/auschwitztoursfromwarsaw.com\/fr\/\" target=\"_blank\" rel=\"noreferrer noopener\">\u00e0 une visite \u00e0 Auschwitz depuis Varsovie<\/a><\/strong> ou Cracovie.<\/p>\n\n\n<div class=\"wp-block-image\">\n<figure class=\"aligncenter size-large\"><img decoding=\"async\" width=\"1024\" height=\"683\" src=\"https:\/\/auschwitztoursfromwarsaw.com\/wp-content\/uploads\/2024\/10\/Auschwitz-concentration-camps-in-the-wintertime-1024x683.jpg\" alt=\"Les camps de concentration d\u2019Auschwitz en hiver\" class=\"wp-image-2436\" srcset=\"https:\/\/auschwitztoursfromwarsaw.com\/wp-content\/uploads\/2024\/10\/Auschwitz-concentration-camps-in-the-wintertime-1024x683.jpg 1024w, https:\/\/auschwitztoursfromwarsaw.com\/wp-content\/uploads\/2024\/10\/Auschwitz-concentration-camps-in-the-wintertime-300x200.jpg 300w, https:\/\/auschwitztoursfromwarsaw.com\/wp-content\/uploads\/2024\/10\/Auschwitz-concentration-camps-in-the-wintertime-768x512.jpg 768w, https:\/\/auschwitztoursfromwarsaw.com\/wp-content\/uploads\/2024\/10\/Auschwitz-concentration-camps-in-the-wintertime.jpg 1500w\" sizes=\"(max-width: 1024px) 100vw, 1024px\" \/><\/figure>\n<\/div>\n\n\n<h3 class=\"wp-block-heading has-text-align-center\">Pourquoi devriez-vous lire des livres sur Auschwitz ?<\/h3>\n\n\n\n<p class=\"\">La lecture d\u2019Auschwitz vous aide \u00e0 comprendre l\u2019Holocauste et ce qu\u2019il a fait \u00e0 des millions de personnes. Il ne s\u2019agit pas seulement de vous enseigner l\u2019histoire ; Ils vous aident \u00e0 ressentir ce qui s\u2019est pass\u00e9 et pourquoi nous ne devons jamais oublier. <\/p>\n\n\n\n<p class=\"\">Certains des livres sont vraiment bons, avec une bonne narration, mais pr\u00e9parez-vous \u00e0 ressentir un certain chagrin. Ils sont non seulement \u00e9ducatifs, mais valent \u00e9galement la peine d\u2019\u00eatre lus comme de grandes \u0153uvres d\u2019art. <\/p>\n\n\n\n<h2 class=\"wp-block-heading has-text-align-center\">Conclusion<\/h2>\n\n\n\n<p class=\"\">La lecture de tous ces livres sur l\u2019Holocauste est essentielle pour comprendre non seulement les \u00e9v\u00e9nements historiques, mais aussi les profondeurs et les hauteurs de la nature humaine.<\/p>\n\n\n\n<p class=\"\">Ces histoires vont des m\u00e9moires personnelles aux analyses historiques et offrent des informations inestimables sur les exp\u00e9riences du peuple juif et d\u2019autres personnes qui ont v\u00e9cu l\u2019une des p\u00e9riodes les plus sombres de l\u2019histoire.<\/p>\n\n\n\n<p class=\"\">Merci d\u2019avoir lu ces livres et d\u2019avoir compris l\u2019importance de ces \u00e9v\u00e9nements dans notre monde d\u2019aujourd\u2019hui. N\u2019oublions jamais. <\/p>\n","protected":false},"excerpt":{"rendered":"<p>Nous devons comprendre l\u2019une des p\u00e9riodes les plus sombres de l\u2019histoire de l\u2019humanit\u00e9, l\u2019Holocauste, afin qu\u2019elle ne se reproduise plus jamais. Les livres sur Auschwitz sont parmi les meilleurs moyens de se souvenir des victimes et d\u2019\u00e9viter de r\u00e9p\u00e9ter les m\u00eames terribles erreurs. Auschwitz, le plus c\u00e9l\u00e8bre des camps de la mort nazis, est l\u2019incarnation&#8230;<\/p>\n","protected":false},"author":1,"featured_media":3065,"comment_status":"closed","ping_status":"closed","sticky":false,"template":"","format":"standard","meta":{"nf_dc_page":"","_kadence_starter_templates_imported_post":false,"_kad_post_transparent":"","_kad_post_title":"","_kad_post_layout":"","_kad_post_sidebar_id":"","_kad_post_content_style":"","_kad_post_vertical_padding":"","_kad_post_feature":"","_kad_post_feature_position":"","_kad_post_header":false,"_kad_post_footer":false,"_kad_post_classname":"","footnotes":""},"categories":[223],"tags":[],"class_list":["post-3433","post","type-post","status-publish","format-standard","has-post-thumbnail","hentry","category-a-propos-dauschwitz"],"_links":{"self":[{"href":"https:\/\/auschwitztoursfromwarsaw.com\/fr\/wp-json\/wp\/v2\/posts\/3433","targetHints":{"allow":["GET"]}}],"collection":[{"href":"https:\/\/auschwitztoursfromwarsaw.com\/fr\/wp-json\/wp\/v2\/posts"}],"about":[{"href":"https:\/\/auschwitztoursfromwarsaw.com\/fr\/wp-json\/wp\/v2\/types\/post"}],"author":[{"embeddable":true,"href":"https:\/\/auschwitztoursfromwarsaw.com\/fr\/wp-json\/wp\/v2\/users\/1"}],"replies":[{"embeddable":true,"href":"https:\/\/auschwitztoursfromwarsaw.com\/fr\/wp-json\/wp\/v2\/comments?post=3433"}],"version-history":[{"count":3,"href":"https:\/\/auschwitztoursfromwarsaw.com\/fr\/wp-json\/wp\/v2\/posts\/3433\/revisions"}],"predecessor-version":[{"id":3813,"href":"https:\/\/auschwitztoursfromwarsaw.com\/fr\/wp-json\/wp\/v2\/posts\/3433\/revisions\/3813"}],"wp:featuredmedia":[{"embeddable":true,"href":"https:\/\/auschwitztoursfromwarsaw.com\/fr\/wp-json\/wp\/v2\/media\/3065"}],"wp:attachment":[{"href":"https:\/\/auschwitztoursfromwarsaw.com\/fr\/wp-json\/wp\/v2\/media?parent=3433"}],"wp:term":[{"taxonomy":"category","embeddable":true,"href":"https:\/\/auschwitztoursfromwarsaw.com\/fr\/wp-json\/wp\/v2\/categories?post=3433"},{"taxonomy":"post_tag","embeddable":true,"href":"https:\/\/auschwitztoursfromwarsaw.com\/fr\/wp-json\/wp\/v2\/tags?post=3433"}],"curies":[{"name":"wp","href":"https:\/\/api.w.org\/{rel}","templated":true}]}}