{"id":3326,"date":"2024-10-16T13:23:47","date_gmt":"2024-10-16T13:23:47","guid":{"rendered":"https:\/\/auschwitztoursfromwarsaw.com\/la-storia-di-auschwitz-tutto-quello-che-ce-da-sapere\/"},"modified":"2025-05-13T08:59:33","modified_gmt":"2025-05-13T08:59:33","slug":"storia-di-auschwitz","status":"publish","type":"post","link":"https:\/\/auschwitztoursfromwarsaw.com\/it\/storia-di-auschwitz\/","title":{"rendered":"La Storia di Auschwitz Birkenau: Tutto Quello da Sapere"},"content":{"rendered":"\n<p class=\"\">Auschwitz \u00e8 il simbolo dell&#8217;orrore dell&#8217;Olocausto. Nella Polonia occupata, questo complesso di campi di concentramento e sterminio fu il fulcro della campagna genocida nazista contro gli ebrei e altre minoranze durante la seconda guerra mondiale. <\/p>\n\n\n\n<p class=\"\">Il nome Auschwitz significa terrore, disumanit\u00e0 e il peggio dell&#8217;umanit\u00e0. Conoscere la storia di Auschwitz prima di visitarla \u00e8 fondamentale. Di seguito, ripercorriamo i momenti chiave della storia di Auschwitz dal suo inizio alla sua liberazione e come divenne il campo pi\u00f9 noto dell&#8217;Olocausto.  <\/p>\n\n\n<div class=\"wp-block-image\">\n<figure class=\"aligncenter size-large\"><img decoding=\"async\" width=\"1024\" height=\"683\" src=\"https:\/\/auschwitztoursfromwarsaw.com\/wp-content\/uploads\/2024\/10\/taking-a-tour-to-Auschwitz-from-Warsaw-1024x683.jpg\" alt=\"fare un tour ad Auschwitz da Varsavia\" class=\"wp-image-2314\" srcset=\"https:\/\/auschwitztoursfromwarsaw.com\/wp-content\/uploads\/2024\/10\/taking-a-tour-to-Auschwitz-from-Warsaw-1024x683.jpg 1024w, https:\/\/auschwitztoursfromwarsaw.com\/wp-content\/uploads\/2024\/10\/taking-a-tour-to-Auschwitz-from-Warsaw-300x200.jpg 300w, https:\/\/auschwitztoursfromwarsaw.com\/wp-content\/uploads\/2024\/10\/taking-a-tour-to-Auschwitz-from-Warsaw-768x512.jpg 768w, https:\/\/auschwitztoursfromwarsaw.com\/wp-content\/uploads\/2024\/10\/taking-a-tour-to-Auschwitz-from-Warsaw.jpg 1500w\" sizes=\"(max-width: 1024px) 100vw, 1024px\" \/><\/figure>\n<\/div>\n\n\n<h2 class=\"wp-block-heading has-text-align-center\">La storia di Auschwitz &#8211; Cronologia<\/h2>\n\n\n\n<ul class=\"wp-block-list\">\n<li class=\"\"><strong>1940<\/strong>: Auschwitz I viene istituito per imprigionare i detenuti politici.<\/li>\n\n\n\n<li class=\"\"><strong>1942<\/strong>: Iniziano le deportazioni di massa degli ebrei in tutta Europa ad Auschwitz-Birkenau; La prima camera a gas divenne operativa.<\/li>\n\n\n\n<li class=\"\"><strong>1943<\/strong>: Auschwitz diventa un luogo centrale per lo sterminio di massa degli ebrei; Auschwitz III-Monowitz fu fondato lo stesso anno.<\/li>\n\n\n\n<li class=\"\"><strong>1944<\/strong>: gli ebrei ungheresi furono deportati in massa ad Auschwitz-Birkenau, con le camere a gas che funzionavano a pieno regime; la rivolta del Sonderkommando avvenne in ottobre.<\/li>\n\n\n\n<li class=\"\"><strong>1945<\/strong>: Le forze sovietiche liberano Auschwitz-Birkenau, trovando oltre 7.000 sopravvissuti.<\/li>\n\n\n\n<li class=\"\"><strong>1947<\/strong>: Il governo polacco apre il Museo Statale di Auschwitz nell&#8217;ex campeggio.<\/li>\n\n\n\n<li class=\"\"><strong>1979<\/strong>: L&#8217;UNESCO riconosce Auschwitz-Birkenau come Patrimonio dell&#8217;Umanit\u00e0.<\/li>\n\n\n\n<li class=\"\"><strong>Oggi<\/strong>: Auschwitz-Birkenau si erge come un memoriale visitato da persone di tutto il mondo, rimanendo un potente simbolo dell&#8217;Olocausto.<\/li>\n<\/ul>\n\n\n<div data-gyg-href=\"https:\/\/widget.getyourguide.com\/default\/activities.frame\" data-gyg-locale-code=\"it-IT\" data-gyg-widget=\"activities\" data-gyg-number-of-items=\"4\" data-gyg-partner-id=\"BD1X57Z\" data-gyg-q=\"auschwitz\"><span>Powered by <a target=\"_blank\" rel=\"sponsored noopener\" href=\"https:\/\/www.getyourguide.com\/memorial-and-museum-auschwitz-birkenau-l1069\/\">GetYourGuide<\/a><\/span><\/div>\n<p><!-- GetYourGuide Analytics --><\/p>\n<p><script async defer src=\"https:\/\/widget.getyourguide.com\/dist\/pa.umd.production.min.js\" data-gyg-partner-id=\"BD1X57Z\"><\/script><\/p>\n\n\n\n<h2 class=\"wp-block-heading has-text-align-center\">Origini di Auschwitz e O\u015bwi\u0119cim<\/h2>\n\n\n\n<p class=\"\">Prima della seconda guerra mondiale, O\u015bwi\u0119cim era una piccola comunit\u00e0 ebraica nel sud della Polonia. Una citt\u00e0 vivace con una forte cultura ed economia, migliaia di ebrei vivevano insieme ai loro vicini polacchi. <\/p>\n\n\n\n<p class=\"\">Quando la Germania nazista invase la Polonia nel 1939, O\u015bwi\u0119cim fu annessa al Terzo Reich e ribattezzata Auschwitz, il nome tedesco della citt\u00e0.<\/p>\n\n\n\n<p class=\"\">Oggi, quando si va da <strong><a href=\"https:\/\/auschwitztoursfromwarsaw.com\/it\/cracovia-ad-auschwitz\/\" target=\"_blank\" data-type=\"link\" data-id=\"https:\/\/auschwitztoursfromwarsaw.com\/it\/cracovia-ad-auschwitz\/\" rel=\"noreferrer noopener\">Cracovia ai campi di concentramento<\/a><\/strong>, O\u015bwi\u0119cim \u00e8 uno dei <strong><a href=\"https:\/\/auschwitztoursfromwarsaw.com\/it\/dove-alloggiare-visitare-auschwitz\/\" target=\"_blank\" data-type=\"link\" data-id=\"https:\/\/auschwitztoursfromwarsaw.com\/it\/dove-alloggiare-visitare-auschwitz\/\" rel=\"noreferrer noopener\">posti migliori in cui soggiornare quando si visita Auschwitz<\/a><\/strong>, quindi si consiglia di passare la notte qui prima di andare la mattina dopo.<\/p>\n\n\n\n<h3 class=\"wp-block-heading has-text-align-center\">Auschwitz I (il campo principale)<\/h3>\n\n\n\n<p class=\"\">Nel maggio 1940 i nazisti istituirono Auschwitz I, inizialmente per ospitare prigionieri politici polacchi, membri della resistenza, intellettuali e altre persone considerate una minaccia al controllo nazista.<\/p>\n\n\n\n<p class=\"\">Il luogo \u00e8 stato scelto per il suo isolamento e l&#8217;accessibilit\u00e0 via ferrovia, consentendo il trasporto di un gran numero di prigionieri. Le condizioni erano brutali fin dall&#8217;inizio, sovraffollamento, lavoro forzato, fame e malattie. Le esecuzioni erano comuni e il campo si guadagn\u00f2 rapidamente la reputazione di essere duro.  <\/p>\n\n\n<div class=\"wp-block-image\">\n<figure class=\"aligncenter size-large\"><img decoding=\"async\" width=\"1024\" height=\"685\" src=\"https:\/\/auschwitztoursfromwarsaw.com\/wp-content\/uploads\/2024\/10\/Train-arrival-at-Auschwitz-1024x685.jpg\" alt=\"Arrivo in treno ai tour di Auschwitz da Varsavia\" class=\"wp-image-2329\" srcset=\"https:\/\/auschwitztoursfromwarsaw.com\/wp-content\/uploads\/2024\/10\/Train-arrival-at-Auschwitz-1024x685.jpg 1024w, https:\/\/auschwitztoursfromwarsaw.com\/wp-content\/uploads\/2024\/10\/Train-arrival-at-Auschwitz-300x201.jpg 300w, https:\/\/auschwitztoursfromwarsaw.com\/wp-content\/uploads\/2024\/10\/Train-arrival-at-Auschwitz-768x514.jpg 768w, https:\/\/auschwitztoursfromwarsaw.com\/wp-content\/uploads\/2024\/10\/Train-arrival-at-Auschwitz.jpg 1500w\" sizes=\"(max-width: 1024px) 100vw, 1024px\" \/><\/figure>\n<\/div>\n\n\n<h2 class=\"wp-block-heading has-text-align-center\">Espansione in Auschwitz II-Birkenau<\/h2>\n\n\n\n<p class=\"\">Con l&#8217;intensificarsi delle politiche genocide dei nazisti, avevano bisogno di strutture pi\u00f9 grandi per eseguire uccisioni di massa. La costruzione di Auschwitz II-Birkenau inizi\u00f2 nell&#8217;ottobre 1941 vicino al villaggio di Brzezinka (Birkenau in tedesco). <\/p>\n\n\n\n<p class=\"\">Birkenau era stato progettato per contenere 200.000 prigionieri e doveva essere il pi\u00f9 grande dei campi di Auschwitz. Aveva file di caserme, torri di guardia e recinzioni di filo spinato, simbolo della scala industriale del programma di sterminio nazista. <\/p>\n\n\n<div data-vi-partner-id=P00037809 data-vi-widget-ref=W-2c15be9d-1cee-488b-b4a9-abaf362de246 ><\/div>\n<p><script async src=\"https:\/\/www.viator.com\/orion\/partner\/widget.js\"><\/script><\/p>\n\n\n\n<h3 class=\"wp-block-heading has-text-align-center\">Birkenau come campo di sterminio<\/h3>\n\n\n\n<p class=\"\">Nel 1942, Birkenau era diventata un campo di concentramento e il sito principale per la &#8220;Soluzione Finale&#8221; \u2013 il piano nazista per spazzare via la popolazione ebraica d&#8217;Europa. Ebrei provenienti da tutto il continente furono deportati a Birkenau \u2013 dalla Polonia, dall&#8217;Ungheria, dalla Francia e dai Paesi Bassi. <\/p>\n\n\n\n<p class=\"\">Parlando dei Paesi Bassi, il diario di Anna Frank \u00e8 uno dei <strong><a href=\"https:\/\/auschwitztoursfromwarsaw.com\/it\/migliori-libri-auschwitz-olocausto\/\" target=\"_blank\" data-type=\"link\" data-id=\"https:\/\/auschwitztoursfromwarsaw.com\/it\/migliori-libri-auschwitz-olocausto\/\" rel=\"noreferrer noopener\">migliori libri su Auschwitz e l&#8217;Olocausto<\/a><\/strong>, e consigliamo vivamente di leggerlo prima di visitare i campi di concentramento.<\/p>\n\n\n\n<p class=\"\">Birkenau divenne il luogo delle uccisioni di massa, usando le camere a gas per uccidere i prigionieri in massa.<\/p>\n\n\n\n<h3 class=\"wp-block-heading has-text-align-center\">Camere a gas e crematori<\/h3>\n\n\n\n<p class=\"\">I nazisti introdussero le camere a gas a Birkenau per accelerare il processo di sterminio. Lo Zyklon B, un pesticida a base di cianuro, veniva usato nelle camere a gas per uccidere migliaia di persone alla volta. <\/p>\n\n\n\n<p class=\"\">Il crematorio era costruito per bruciare i corpi e le ceneri venivano spesso sparse nei campi o nei fiumi vicini. Il freddo calcolo dell&#8217;omicidio di massa a Birkenau mostra la vastit\u00e0 dell&#8217;Olocausto. <\/p>\n\n\n<div class=\"wp-block-image\">\n<figure class=\"aligncenter size-large\"><img decoding=\"async\" width=\"1024\" height=\"683\" src=\"https:\/\/auschwitztoursfromwarsaw.com\/wp-content\/uploads\/2024\/10\/Visiting-Auschwitz-Birkenau-1024x683.jpg\" alt=\"Visitare Auschwitz Birkenau\" class=\"wp-image-2325\" srcset=\"https:\/\/auschwitztoursfromwarsaw.com\/wp-content\/uploads\/2024\/10\/Visiting-Auschwitz-Birkenau-1024x683.jpg 1024w, https:\/\/auschwitztoursfromwarsaw.com\/wp-content\/uploads\/2024\/10\/Visiting-Auschwitz-Birkenau-300x200.jpg 300w, https:\/\/auschwitztoursfromwarsaw.com\/wp-content\/uploads\/2024\/10\/Visiting-Auschwitz-Birkenau-768x512.jpg 768w, https:\/\/auschwitztoursfromwarsaw.com\/wp-content\/uploads\/2024\/10\/Visiting-Auschwitz-Birkenau.jpg 1500w\" sizes=\"(max-width: 1024px) 100vw, 1024px\" \/><\/figure>\n<\/div>\n\n\n<h2 class=\"wp-block-heading has-text-align-center\">Auschwitz III (Monowitz) e i campi satellite<\/h2>\n\n\n\n<p class=\"\">Auschwitz III, noto anche come Monowitz, fu istituito nel 1942 come campo di lavoro per sostenere l&#8217;industria tedesca durante la guerra. I prigionieri erano costretti a lavorare in condizioni terribili nella <a href=\"https:\/\/www.assemblea.emr.it\/cittadinanza\/per-approfondire\/formazione-pdc\/viaggio-visivo\/appendice\/appendice-i-campi-di-auschwitz\/la-ig-farben-ad-auschwitz\" data-type=\"link\" data-id=\"https:\/\/www.assemblea.emr.it\/cittadinanza\/per-approfondire\/formazione-pdc\/viaggio-visivo\/appendice\/appendice-i-campi-di-auschwitz\/la-ig-farben-ad-auschwitz\" target=\"_blank\" rel=\"noreferrer noopener\">fabbrica di gomma sintetica I.G. Farben<\/a> e in altri siti industriali. Il lavoro era duro e il tasso di mortalit\u00e0 era alto a causa della stanchezza, della malnutrizione e dell&#8217;esposizione a sostanze tossiche. Monowitz era l&#8217;epitome del lavoro forzato a scopo di lucro.<\/p>\n\n\n\n<h3 class=\"wp-block-heading has-text-align-center\">Campi satellite<\/h3>\n\n\n\n<p class=\"\">Intorno al complesso principale di Auschwitz c&#8217;erano oltre 40 campi satellite. Questi campi pi\u00f9 piccoli fornivano manodopera alle miniere di carbone, alle fabbriche di armamenti e alle fattorie. I prigionieri affrontavano le stesse condizioni brutali dei campi principali.  <\/p>\n\n\n\n<p class=\"\">I campi satellite estesero la portata del sistema oppressivo di Auschwitz e approfondirono il ruolo del campo nella macchina da guerra nazista.<\/p>\n\n\n<div class=\"wp-block-image\">\n<figure class=\"aligncenter size-large\"><img decoding=\"async\" width=\"1024\" height=\"683\" src=\"https:\/\/auschwitztoursfromwarsaw.com\/wp-content\/uploads\/2024\/10\/day-trips-to-Auschwitz-from-Warsaw-Poland-1024x683.jpg\" alt=\"gite di un giorno ad Auschwitz da Varsavia, Polonia\" class=\"wp-image-2320\" srcset=\"https:\/\/auschwitztoursfromwarsaw.com\/wp-content\/uploads\/2024\/10\/day-trips-to-Auschwitz-from-Warsaw-Poland-1024x683.jpg 1024w, https:\/\/auschwitztoursfromwarsaw.com\/wp-content\/uploads\/2024\/10\/day-trips-to-Auschwitz-from-Warsaw-Poland-300x200.jpg 300w, https:\/\/auschwitztoursfromwarsaw.com\/wp-content\/uploads\/2024\/10\/day-trips-to-Auschwitz-from-Warsaw-Poland-768x512.jpg 768w, https:\/\/auschwitztoursfromwarsaw.com\/wp-content\/uploads\/2024\/10\/day-trips-to-Auschwitz-from-Warsaw-Poland.jpg 1500w\" sizes=\"(max-width: 1024px) 100vw, 1024px\" \/><\/figure>\n<\/div>\n\n\n<h2 class=\"wp-block-heading has-text-align-center\">Vita quotidiana e condizioni ad Auschwitz<\/h2>\n\n\n\n<p class=\"\">La vita ad Auschwitz era brutale. I prigionieri erano stipati in baracche sovraffollate, prive di servizi igienici e cibo minimo. Il lavoro forzato era implacabile, dall&#8217;alba al tramonto, con la pioggia o con il sole. La malattia era diffusa e le cure mediche erano inesistenti.   <\/p>\n\n\n\n<p class=\"\">La morte era una realt\u00e0 quotidiana, sia per esecuzione, malattia o esaurimento. Purtroppo, quando si <strong><a href=\"https:\/\/auschwitztoursfromwarsaw.com\/it\/\" target=\"_blank\" rel=\"noreferrer noopener\">visita Auschwitz da Varsavia<\/a><\/strong> o Cracovia, si possono ancora sentire le pesanti condizioni che i prigionieri dovevano affrontare ogni giorno.<\/p>\n\n\n\n<p class=\"\">All&#8217;arrivo ad Auschwitz, i prigionieri venivano sottoposti a un processo di selezione da parte degli ufficiali delle SS. Le famiglie furono distrutte come uomini, donne e bambini furono separati. Coloro che erano abili al lavoro furono mandati a lavorare, altri \u2013 i vecchi, i malati e i bambini piccoli \u2013 furono mandati direttamente alle camere a gas.  <\/p>\n\n\n\n<p class=\"\">Questo \u00e8 stato disumanizzante e traumatico, ha spogliato le persone della loro dignit\u00e0 e le ha mandate alla morte immediata o definitiva.\\<\/p>\n\n\n<div data-gyg-href=\"https:\/\/widget.getyourguide.com\/default\/activities.frame\" data-gyg-locale-code=\"it-IT\" data-gyg-widget=\"activities\" data-gyg-number-of-items=\"4\" data-gyg-partner-id=\"BD1X57Z\" data-gyg-q=\"warsaw old town\"><span>Powered by <a target=\"_blank\" rel=\"sponsored noopener\" href=\"https:\/\/www.getyourguide.com\/-t138725\">GetYourGuide<\/a><\/span><\/div>\n<p><!-- GetYourGuide Analytics --><\/p>\n<p><script async defer src=\"https:\/\/widget.getyourguide.com\/dist\/pa.umd.production.min.js\" data-gyg-partner-id=\"BD1X57Z\"><\/script><\/p>\n\n\n\n<h3 class=\"wp-block-heading has-text-align-center\">Esperimenti medici<\/h3>\n\n\n\n<p class=\"\">Auschwitz \u00e8 stata anche il luogo di barbari esperimenti medici condotti dai medici nazisti, in particolare dal dottor Josef Mengele, l'&#8221;Angelo della Morte&#8221;.<\/p>\n\n\n\n<p class=\"\">I prigionieri venivano sottoposti a procedure disumane senza consenso, anestesia o riguardo per il loro benessere. Gli esperimenti includevano sterilizzazione, esposizione a malattie e mutilazioni chirurgiche.   <\/p>\n\n\n\n<p class=\"\">Questi sono stati giustificati come progresso scientifico e ideologia razziale, lasciando ai sopravvissuti cicatrici fisiche e psicologiche per tutta la vita.<\/p>\n\n\n<div class=\"wp-block-image\">\n<figure class=\"aligncenter size-large\"><img decoding=\"async\" width=\"1024\" height=\"683\" src=\"https:\/\/auschwitztoursfromwarsaw.com\/wp-content\/uploads\/2024\/10\/Barracks-at-Auschwitz-on-a-sunny-day-1024x683.jpg\" alt=\"Caserma ad Auschwitz in una giornata di sole\" class=\"wp-image-2434\" srcset=\"https:\/\/auschwitztoursfromwarsaw.com\/wp-content\/uploads\/2024\/10\/Barracks-at-Auschwitz-on-a-sunny-day-1024x683.jpg 1024w, https:\/\/auschwitztoursfromwarsaw.com\/wp-content\/uploads\/2024\/10\/Barracks-at-Auschwitz-on-a-sunny-day-300x200.jpg 300w, https:\/\/auschwitztoursfromwarsaw.com\/wp-content\/uploads\/2024\/10\/Barracks-at-Auschwitz-on-a-sunny-day-768x512.jpg 768w, https:\/\/auschwitztoursfromwarsaw.com\/wp-content\/uploads\/2024\/10\/Barracks-at-Auschwitz-on-a-sunny-day.jpg 1500w\" sizes=\"(max-width: 1024px) 100vw, 1024px\" \/><\/figure>\n<\/div>\n\n\n<h2 class=\"wp-block-heading has-text-align-center\">Resistenza e tentativi di fuga nel 1945<\/h2>\n\n\n\n<p class=\"\">Nonostante le condizioni brutali, la resistenza esisteva all&#8217;interno di Auschwitz. Si sono formate reti clandestine tra i detenuti per condividere informazioni e sostenersi a vicenda. <\/p>\n\n\n\n<p class=\"\">Alcuni detenuti sabotavano il lavoro, scrivevano in segreto o documentavano i crimini nazisti. Questi atti di sfida erano rischiosi, poich\u00e9 la scoperta significava tortura o morte, ma davano alle persone un senso di speranza e umanit\u00e0. <\/p>\n\n\n\n<p class=\"\">L&#8217;evasione da Auschwitz \u00e8 stata quasi impossibile a causa dell&#8217;alta sicurezza e delle penalit\u00e0. Ma c&#8217;erano alcuni, come Witold Pilecki, un ufficiale polacco che si offr\u00ec volontario per andare ad Auschwitz per raccogliere informazioni per la resistenza. <\/p>\n\n\n\n<p class=\"\">Pilecki fugg\u00ec e invi\u00f2 preziosi rapporti sul campo. Altri prigionieri evasero, a volte con successo, ma spesso con grande rischio per se stessi e per gli altri, come i nazisti avrebbero punito con la brutalit\u00e0. <\/p>\n\n\n<div class=\"wp-block-image\">\n<figure class=\"aligncenter size-large is-resized\"><img decoding=\"async\" width=\"683\" height=\"1024\" src=\"https:\/\/auschwitztoursfromwarsaw.com\/wp-content\/uploads\/2024\/10\/best-Auschwitz-tours-from-Warsaw-683x1024.jpg\" alt=\"i migliori tour di Auschwitz da Varsavia\" class=\"wp-image-2311\" style=\"width:459px;height:auto\" srcset=\"https:\/\/auschwitztoursfromwarsaw.com\/wp-content\/uploads\/2024\/10\/best-Auschwitz-tours-from-Warsaw-683x1024.jpg 683w, https:\/\/auschwitztoursfromwarsaw.com\/wp-content\/uploads\/2024\/10\/best-Auschwitz-tours-from-Warsaw-200x300.jpg 200w, https:\/\/auschwitztoursfromwarsaw.com\/wp-content\/uploads\/2024\/10\/best-Auschwitz-tours-from-Warsaw-768x1152.jpg 768w, https:\/\/auschwitztoursfromwarsaw.com\/wp-content\/uploads\/2024\/10\/best-Auschwitz-tours-from-Warsaw.jpg 1000w\" sizes=\"(max-width: 683px) 100vw, 683px\" \/><\/figure>\n<\/div>\n\n\n<h2 class=\"wp-block-heading has-text-align-center\">La liberazione di Auschwitz<\/h2>\n\n\n\n<p class=\"\">Nel 1944 l&#8217;Armata Rossa sovietica stava avanzando verso ovest e i nazisti erano in preda al panico. Stavano evacuando Auschwitz, costringendo decine di migliaia di prigionieri a marce della morte verso i campi pi\u00f9 profondi della Germania. <\/p>\n\n\n\n<p class=\"\">Stavano anche distruggendo le prove dei loro crimini facendo saltare in aria le camere a gas e i forni crematori.<\/p>\n\n\n\n<h3 class=\"wp-block-heading has-text-align-center\">27 gennaio 1945: Festa della Liberazione<\/h3>\n\n\n\n<p class=\"\">Il 27 gennaio 1945 le truppe sovietiche entrarono ad Auschwitz e liberarono i prigionieri rimasti. Trovarono circa 7.000 sopravvissuti, la maggior parte dei quali in uno stato di fame e malattia. <\/p>\n\n\n\n<p class=\"\">Hanno trovato magazzini pieni di effetti personali: centinaia di migliaia di abiti da uomo, abiti da donna, paia di scarpe \u2013 un triste ricordo dei milioni di assassinati.<\/p>\n\n\n\n<p class=\"\">Dopo la liberazione, i sopravvissuti hanno dovuto ricostruire le loro vite in uno stato di trauma fisico ed emotivo. Il mondo ha iniziato a conoscere l&#8217;entit\u00e0 delle atrocit\u00e0. Il processo di Norimberga e altri processi del dopoguerra avrebbero assicurato alla giustizia i criminali di guerra nazisti. La liberazione di Auschwitz \u00e8 stata un punto di svolta nel riconoscimento dell&#8217;Olocausto da parte del mondo.   <\/p>\n\n\n<div class=\"wp-block-image\">\n<figure class=\"aligncenter size-large\"><img decoding=\"async\" width=\"1024\" height=\"683\" src=\"https:\/\/auschwitztoursfromwarsaw.com\/wp-content\/uploads\/2024\/10\/Uniforms-at-Auschwitz-Birkenau-1024x683.jpg\" alt=\"Uniformi ad Auschwitz Birkenau\" class=\"wp-image-2332\" srcset=\"https:\/\/auschwitztoursfromwarsaw.com\/wp-content\/uploads\/2024\/10\/Uniforms-at-Auschwitz-Birkenau-1024x683.jpg 1024w, https:\/\/auschwitztoursfromwarsaw.com\/wp-content\/uploads\/2024\/10\/Uniforms-at-Auschwitz-Birkenau-300x200.jpg 300w, https:\/\/auschwitztoursfromwarsaw.com\/wp-content\/uploads\/2024\/10\/Uniforms-at-Auschwitz-Birkenau-768x513.jpg 768w, https:\/\/auschwitztoursfromwarsaw.com\/wp-content\/uploads\/2024\/10\/Uniforms-at-Auschwitz-Birkenau.jpg 1500w\" sizes=\"(max-width: 1024px) 100vw, 1024px\" \/><\/figure>\n<\/div>\n\n\n<h2 class=\"wp-block-heading has-text-align-center\">Auschwitz come memoriale e museo<\/h2>\n\n\n\n<p class=\"\">Dopo la liberazione, nel 1947, il governo polacco cre\u00f2 il Museo Statale di Auschwitz-Birkenau per preservare il sito come monumento agli orrori.<\/p>\n\n\n\n<p class=\"\">Gli edifici originali sono stati lasciati intatti e sono state allestite mostre per educare i visitatori sul campo. \u00c8 un luogo di lutto e di riflessione, per ricordare le vittime. <\/p>\n\n\n\n<h3 class=\"wp-block-heading has-text-align-center\">Patrimonio dell&#8217;umanit\u00e0 dell&#8217;UNESCO<\/h3>\n\n\n\n<p class=\"\">Nel 1979 Auschwitz-Birkenau \u00e8 stata designata Patrimonio dell&#8217;Umanit\u00e0 dall&#8217;UNESCO, come simbolo di genocidio e monito per l&#8217;umanit\u00e0.<\/p>\n\n\n\n<p class=\"\">Il lavoro di conservazione continua per mantenere intatto il sito in modo che le generazioni future possano imparare da questo capitolo oscuro della storia. Programmi educativi ed eventi commemorativi si tengono regolarmente per aumentare la consapevolezza e la comprensione.<\/p>\n\n\n<div data-vi-partner-id=P00037809 data-vi-widget-ref=W-a8e9ca2e-f7c4-42bc-82f8-a0694c48fb9a ><\/div>\n<p><script async src=\"https:\/\/www.viator.com\/orion\/partner\/widget.js\"><\/script><\/p>\n\n\n\n<h2 class=\"wp-block-heading has-text-align-center\">Le conseguenze<\/h2>\n\n\n\n<p class=\"\">Auschwitz \u00e8 diventato il simbolo dell&#8217;Olocausto e delle estreme conseguenze dell&#8217;odio e del pregiudizio incontrollati. \u00c8 un punto focale per l&#8217;educazione all&#8217;Olocausto in tutto il mondo, che mette in evidenza i diritti umani, la tolleranza e i pericoli dell&#8217;autoritarismo. I musei, le istituzioni educative e le giornate della memoria mantengono viva la memoria, per parlare di prevenzione di futuri genocidi.  <\/p>\n\n\n\n<p class=\"\">Le storie dei sopravvissuti sono fondamentali per trasmettere la realt\u00e0 di Auschwitz. Famosi sopravvissuti come Elie Wiesel, Primo Levi e Viktor Frankl hanno condiviso le loro esperienze attraverso libri e conferenze, dandoci una visione personale del campo. <\/p>\n\n\n\n<p class=\"\">Le loro testimonianze danno un volto ai numeri e fanno in modo che le singole storie non vengano dimenticate. Queste storie fanno parte della documentazione storica e della comprensione morale. <\/p>\n\n\n<div class=\"wp-block-image\">\n<figure class=\"aligncenter size-large\"><img decoding=\"async\" width=\"1024\" height=\"683\" src=\"https:\/\/auschwitztoursfromwarsaw.com\/wp-content\/uploads\/2024\/10\/day-trips-to-Auschwitz-memorial-from-Warsaw-1024x683.jpg\" alt=\"gite di un giorno al memoriale di Auschwitz da Cracovia\" class=\"wp-image-2321\" srcset=\"https:\/\/auschwitztoursfromwarsaw.com\/wp-content\/uploads\/2024\/10\/day-trips-to-Auschwitz-memorial-from-Warsaw-1024x683.jpg 1024w, https:\/\/auschwitztoursfromwarsaw.com\/wp-content\/uploads\/2024\/10\/day-trips-to-Auschwitz-memorial-from-Warsaw-300x200.jpg 300w, https:\/\/auschwitztoursfromwarsaw.com\/wp-content\/uploads\/2024\/10\/day-trips-to-Auschwitz-memorial-from-Warsaw-768x512.jpg 768w, https:\/\/auschwitztoursfromwarsaw.com\/wp-content\/uploads\/2024\/10\/day-trips-to-Auschwitz-memorial-from-Warsaw.jpg 1500w\" sizes=\"(max-width: 1024px) 100vw, 1024px\" \/><\/figure>\n<\/div>\n\n\n<h2 class=\"wp-block-heading has-text-align-center\">Conclusione<\/h2>\n\n\n\n<p class=\"\">Auschwitz \u00e8 un brutale promemoria della malvagit\u00e0 umana e delle conseguenze dell&#8217;intolleranza e della disumanizzazione. Dai campi di concentramento ai campi di sterminio e di lavoro, Auschwitz \u00e8 il simbolo pi\u00f9 potente del regime nazista nel mondo. <\/p>\n\n\n\n<p class=\"\">La liberazione di Auschwitz signific\u00f2 la fine delle sofferenze per i prigionieri, ma l&#8217;inizio della resa dei conti del mondo con l&#8217;Olocausto.<\/p>\n\n\n\n<p class=\"\">Dobbiamo ricordare Auschwitz in modo che questo non accada mai pi\u00f9. Come memoriale e museo, \u00e8 una testimonianza della resilienza umana e dell&#8217;importanza della dignit\u00e0 umana. L&#8217;eredit\u00e0 di Auschwitz influenza l&#8217;educazione, la politica e la memoria collettiva, un monito contro l&#8217;odio e l&#8217;oppressione.  <\/p>\n","protected":false},"excerpt":{"rendered":"<p>Auschwitz \u00e8 il simbolo dell&#8217;orrore dell&#8217;Olocausto. Nella Polonia occupata, questo complesso di campi di concentramento e sterminio fu il fulcro della campagna genocida nazista contro gli ebrei e altre minoranze durante la seconda guerra mondiale. Il nome Auschwitz significa terrore, disumanit\u00e0 e il peggio dell&#8217;umanit\u00e0. Conoscere la storia di Auschwitz prima di visitarla \u00e8 fondamentale&#8230;.<\/p>\n","protected":false},"author":1,"featured_media":2643,"comment_status":"closed","ping_status":"closed","sticky":false,"template":"","format":"standard","meta":{"nf_dc_page":"","_kadence_starter_templates_imported_post":false,"_kad_post_transparent":"","_kad_post_title":"","_kad_post_layout":"","_kad_post_sidebar_id":"","_kad_post_content_style":"","_kad_post_vertical_padding":"","_kad_post_feature":"","_kad_post_feature_position":"","_kad_post_header":false,"_kad_post_footer":false,"_kad_post_classname":"","footnotes":""},"categories":[222],"tags":[],"class_list":["post-3326","post","type-post","status-publish","format-standard","has-post-thumbnail","hentry","category-a-proposito-di-auschwitz"],"_links":{"self":[{"href":"https:\/\/auschwitztoursfromwarsaw.com\/it\/wp-json\/wp\/v2\/posts\/3326","targetHints":{"allow":["GET"]}}],"collection":[{"href":"https:\/\/auschwitztoursfromwarsaw.com\/it\/wp-json\/wp\/v2\/posts"}],"about":[{"href":"https:\/\/auschwitztoursfromwarsaw.com\/it\/wp-json\/wp\/v2\/types\/post"}],"author":[{"embeddable":true,"href":"https:\/\/auschwitztoursfromwarsaw.com\/it\/wp-json\/wp\/v2\/users\/1"}],"replies":[{"embeddable":true,"href":"https:\/\/auschwitztoursfromwarsaw.com\/it\/wp-json\/wp\/v2\/comments?post=3326"}],"version-history":[{"count":5,"href":"https:\/\/auschwitztoursfromwarsaw.com\/it\/wp-json\/wp\/v2\/posts\/3326\/revisions"}],"predecessor-version":[{"id":3843,"href":"https:\/\/auschwitztoursfromwarsaw.com\/it\/wp-json\/wp\/v2\/posts\/3326\/revisions\/3843"}],"wp:featuredmedia":[{"embeddable":true,"href":"https:\/\/auschwitztoursfromwarsaw.com\/it\/wp-json\/wp\/v2\/media\/2643"}],"wp:attachment":[{"href":"https:\/\/auschwitztoursfromwarsaw.com\/it\/wp-json\/wp\/v2\/media?parent=3326"}],"wp:term":[{"taxonomy":"category","embeddable":true,"href":"https:\/\/auschwitztoursfromwarsaw.com\/it\/wp-json\/wp\/v2\/categories?post=3326"},{"taxonomy":"post_tag","embeddable":true,"href":"https:\/\/auschwitztoursfromwarsaw.com\/it\/wp-json\/wp\/v2\/tags?post=3326"}],"curies":[{"name":"wp","href":"https:\/\/api.w.org\/{rel}","templated":true}]}}