{"id":3420,"date":"2024-10-14T08:11:03","date_gmt":"2024-10-14T08:11:03","guid":{"rendered":"https:\/\/auschwitztoursfromwarsaw.com\/questo-e-il-periodo-migliore-per-visitare-auschwitz\/"},"modified":"2025-05-13T08:52:02","modified_gmt":"2025-05-13T08:52:02","slug":"quando-visitare-auschwitz","status":"publish","type":"post","link":"https:\/\/auschwitztoursfromwarsaw.com\/it\/quando-visitare-auschwitz\/","title":{"rendered":"Questo \u00e8 il Periodo Migliore per Visitare Auschwitz"},"content":{"rendered":"\n<p class=\"\">Auschwitz \u00e8 uno dei pi\u00f9 potenti promemoria degli orrori dell&#8217;Olocausto e della Seconda Guerra Mondiale.<\/p>\n\n\n\n<p class=\"\">Persone da tutto il mondo vengono a visitare Auschwitz per riflettere su ci\u00f2 che \u00e8 accaduto in questo campo di concentramento nazista. S\u00ec, nonostante l&#8217;esperienza che fa riflettere, <strong><a href=\"https:\/\/auschwitztoursfromwarsaw.com\/it\/motivi-per-visitare-auschwitz\/\" target=\"_blank\" data-type=\"link\" data-id=\"https:\/\/auschwitztoursfromwarsaw.com\/it\/motivi-per-visitare-auschwitz\/\" rel=\"noreferrer noopener\">vale la pena visitare Auschwitz<\/a><\/strong>.<\/p>\n\n\n\n<p class=\"\">Tuttavia, qual \u00e8 il periodo migliore per visitare il campo di concentramento di Auschwitz?<\/p>\n\n\n\n<p class=\"\">Anche se puoi visitare Auschwitz tutto l&#8217;anno, scegliere il momento giusto fa la differenza nella tua esperienza. Oltre al tempo, la folla e il tuo sentirti mentalmente pronto possono influenzare il modo in cui ti senti durante la tua visita. <\/p>\n\n\n<div class=\"wp-block-image\">\n<figure class=\"aligncenter size-large\"><img decoding=\"async\" width=\"1024\" height=\"683\" src=\"https:\/\/auschwitztoursfromwarsaw.com\/wp-content\/uploads\/2024\/10\/the-best-Auschwitz-tours-from-Warsaw-in-Poland-1024x683.jpg\" alt=\"il periodo migliore per visitare Auschwitz in Polonia\" class=\"wp-image-2328\" srcset=\"https:\/\/auschwitztoursfromwarsaw.com\/wp-content\/uploads\/2024\/10\/the-best-Auschwitz-tours-from-Warsaw-in-Poland-1024x683.jpg 1024w, https:\/\/auschwitztoursfromwarsaw.com\/wp-content\/uploads\/2024\/10\/the-best-Auschwitz-tours-from-Warsaw-in-Poland-300x200.jpg 300w, https:\/\/auschwitztoursfromwarsaw.com\/wp-content\/uploads\/2024\/10\/the-best-Auschwitz-tours-from-Warsaw-in-Poland-768x512.jpg 768w, https:\/\/auschwitztoursfromwarsaw.com\/wp-content\/uploads\/2024\/10\/the-best-Auschwitz-tours-from-Warsaw-in-Poland.jpg 1500w\" sizes=\"(max-width: 1024px) 100vw, 1024px\" \/><\/figure>\n<\/div>\n\n\n<h2 class=\"wp-block-heading has-text-align-center\">Il periodo migliore per visitare Auschwitz<\/h2>\n\n\n\n<p class=\"\">Prima di passare attraverso i periodi migliori per visitare per stagione, vogliamo semplificarti la vita e fornire la temperatura media per mese in modo che tu abbia un&#8217;idea migliore prima di andare.<\/p>\n\n\n\n<figure class=\"wp-block-table\"><table class=\"has-fixed-layout\"><thead><tr><th class=\"has-text-align-center\" data-align=\"center\">Mese<\/th><th class=\"has-text-align-center\" data-align=\"center\">Temperatura media (\u00b0C)<\/th><\/tr><\/thead><tbody><tr><td class=\"has-text-align-center\" data-align=\"center\">Gennaio<\/td><td class=\"has-text-align-center\" data-align=\"center\">-1<\/td><\/tr><tr><td class=\"has-text-align-center\" data-align=\"center\">Febbraio<\/td><td class=\"has-text-align-center\" data-align=\"center\">0<\/td><\/tr><tr><td class=\"has-text-align-center\" data-align=\"center\">Marzo<\/td><td class=\"has-text-align-center\" data-align=\"center\">5<\/td><\/tr><tr><td class=\"has-text-align-center\" data-align=\"center\">Aprile<\/td><td class=\"has-text-align-center\" data-align=\"center\">12<\/td><\/tr><tr><td class=\"has-text-align-center\" data-align=\"center\">Maggio<\/td><td class=\"has-text-align-center\" data-align=\"center\">17<\/td><\/tr><tr><td class=\"has-text-align-center\" data-align=\"center\">Giugno<\/td><td class=\"has-text-align-center\" data-align=\"center\">21<\/td><\/tr><tr><td class=\"has-text-align-center\" data-align=\"center\">Luglio<\/td><td class=\"has-text-align-center\" data-align=\"center\">23<\/td><\/tr><tr><td class=\"has-text-align-center\" data-align=\"center\">Agosto<\/td><td class=\"has-text-align-center\" data-align=\"center\">22<\/td><\/tr><tr><td class=\"has-text-align-center\" data-align=\"center\">Settembre<\/td><td class=\"has-text-align-center\" data-align=\"center\">18<\/td><\/tr><tr><td class=\"has-text-align-center\" data-align=\"center\">Ottobre<\/td><td class=\"has-text-align-center\" data-align=\"center\">13<\/td><\/tr><tr><td class=\"has-text-align-center\" data-align=\"center\">Novembre<\/td><td class=\"has-text-align-center\" data-align=\"center\">7<\/td><\/tr><tr><td class=\"has-text-align-center\" data-align=\"center\">Dicembre<\/td><td class=\"has-text-align-center\" data-align=\"center\">1<\/td><\/tr><\/tbody><\/table><\/figure>\n\n\n\n<p class=\"\">Questa tabella offre una rapida panoramica delle temperature medie a O\u015bwi\u0119cim, la citt\u00e0 in cui si trova Auschwitz. Puoi usarlo per decidere cosa indossare e quando pianificare il tuo viaggio. <\/p>\n\n\n<div data-vi-partner-id=P00037809 data-vi-widget-ref=W-2c15be9d-1cee-488b-b4a9-abaf362de246 ><\/div>\n<p><script async src=\"https:\/\/www.viator.com\/orion\/partner\/widget.js\"><\/script><\/p>\n\n\n<div class=\"wp-block-image\">\n<figure class=\"aligncenter size-large\"><img decoding=\"async\" width=\"1024\" height=\"677\" src=\"https:\/\/auschwitztoursfromwarsaw.com\/wp-content\/uploads\/2024\/10\/Signs-at-Auschwitz-Birkenau-concentration-camp-1024x677.jpg\" alt=\"Cartelli al campo di concentramento di Auschwitz Birkenau - da Cracovia ad Auschwitz\" class=\"wp-image-2416\" srcset=\"https:\/\/auschwitztoursfromwarsaw.com\/wp-content\/uploads\/2024\/10\/Signs-at-Auschwitz-Birkenau-concentration-camp-1024x677.jpg 1024w, https:\/\/auschwitztoursfromwarsaw.com\/wp-content\/uploads\/2024\/10\/Signs-at-Auschwitz-Birkenau-concentration-camp-300x198.jpg 300w, https:\/\/auschwitztoursfromwarsaw.com\/wp-content\/uploads\/2024\/10\/Signs-at-Auschwitz-Birkenau-concentration-camp-768x507.jpg 768w, https:\/\/auschwitztoursfromwarsaw.com\/wp-content\/uploads\/2024\/10\/Signs-at-Auschwitz-Birkenau-concentration-camp.jpg 1500w\" sizes=\"(max-width: 1024px) 100vw, 1024px\" \/><\/figure>\n<\/div>\n\n\n<h3 class=\"wp-block-heading has-text-align-center\">Orari di apertura di Auschwitz<\/h3>\n\n\n\n<p class=\"\">Il Museo di Auschwitz \u00e8 aperto tutto l&#8217;anno, ma gli orari di apertura variano a seconda della stagione. In estate, il museo \u00e8 aperto pi\u00f9 a lungo, in inverno le giornate sono pi\u00f9 corte. Controlla sempre il sito web del museo per gli ultimi orari o eventuali chiusure impreviste prima del tuo viaggio.  <\/p>\n\n\n\n<p class=\"\">L&#8217;ultimo ingresso \u00e8 consentito circa un&#8217;ora e mezza prima della chiusura del museo. Se visiti in estate, potresti avere giornate pi\u00f9 lunghe e abbastanza tempo per visitare sia Auschwitz I che Auschwitz II-Birkenau. <\/p>\n\n\n\n<p class=\"\">Inoltre, questi sono gli orari di apertura per visitare Auschwitz:<\/p>\n\n\n\n<ul class=\"wp-block-list\">\n<li class=\"\"><strong>Dicembre<\/strong>: dalle 7:30 alle 14:00<\/li>\n\n\n\n<li class=\"\"><strong>Novembre e gennaio<\/strong>: dalle 7:30 alle 15:00<\/li>\n\n\n\n<li class=\"\"><strong>Febbraio<\/strong>: dalle 7:30 alle 16:00<\/li>\n\n\n\n<li class=\"\"><strong>Marzo e ottobre<\/strong>: dalle 7:30 alle 17:00<\/li>\n\n\n\n<li class=\"\"><strong>Aprile, maggio, settembre<\/strong>: dalle 7:30 alle 18:00<\/li>\n\n\n\n<li class=\"\"><strong>Giugno, luglio, agosto<\/strong>: dalle 7:30 alle 19:00<\/li>\n<\/ul>\n\n\n\n<p class=\"\">Nel caso in cui abbiate intenzione di visitare il campo di concentramento di Auschwitz da soli (non consigliato in quanto le visite guidate sono molto meglio, ma \u00e8 il modo pi\u00f9 economico), potrete rimanere all&#8217;interno dell&#8217;ex campo di concentramento nazista fino a 1,5 ore dopo l&#8217;orario di chiusura.<\/p>\n\n\n\n<p class=\"\">Assicurati di leggere la nostra guida su <strong><a href=\"https:\/\/auschwitztoursfromwarsaw.com\/it\/come-andare-ad-auschwitz\/\" target=\"_blank\" data-type=\"link\" data-id=\"https:\/\/auschwitztoursfromwarsaw.com\/it\/come-andare-ad-auschwitz\/\" rel=\"noreferrer noopener\">come arrivare ad Auschwitz<\/a><\/strong> prima di andare per sfruttare al massimo il tuo tempo.<\/p>\n\n\n<div class=\"wp-block-image\">\n<figure class=\"aligncenter size-large\"><img decoding=\"async\" width=\"1024\" height=\"683\" src=\"https:\/\/auschwitztoursfromwarsaw.com\/wp-content\/uploads\/2024\/10\/Tourists-with-a-guide-in-Auschwitz-Birkenau-1024x683.jpg\" alt=\"Turisti con guida ad Auschwitz Birkenau - il periodo migliore per visitare Auschwitz in Polonia\" class=\"wp-image-2412\" srcset=\"https:\/\/auschwitztoursfromwarsaw.com\/wp-content\/uploads\/2024\/10\/Tourists-with-a-guide-in-Auschwitz-Birkenau-1024x683.jpg 1024w, https:\/\/auschwitztoursfromwarsaw.com\/wp-content\/uploads\/2024\/10\/Tourists-with-a-guide-in-Auschwitz-Birkenau-300x200.jpg 300w, https:\/\/auschwitztoursfromwarsaw.com\/wp-content\/uploads\/2024\/10\/Tourists-with-a-guide-in-Auschwitz-Birkenau-768x512.jpg 768w, https:\/\/auschwitztoursfromwarsaw.com\/wp-content\/uploads\/2024\/10\/Tourists-with-a-guide-in-Auschwitz-Birkenau.jpg 1500w\" sizes=\"(max-width: 1024px) 100vw, 1024px\" \/><\/figure>\n<\/div>\n\n\n<h3 class=\"wp-block-heading has-text-align-center\">Visitare Auschwitz Birkenau nei giorni feriali rispetto ai fine settimana<\/h3>\n\n\n\n<p class=\"\">Auschwitz \u00e8 pi\u00f9 tranquilla nei giorni feriali che nei fine settimana. I giorni feriali hanno meno visitatori, i fine settimana hanno turisti e gente del posto. <\/p>\n\n\n\n<p class=\"\">I gruppi educativi visitano durante la settimana, ma se visiti presto o tardi nel pomeriggio avrai comunque un&#8217;esperienza pi\u00f9 tranquilla.<\/p>\n\n\n\n<p class=\"\">Inoltre, non consigliamo di visitarla nei giorni festivi o nei fine settimana lunghi perch\u00e9 \u00e8 affollata. Controlla sempre le <a href=\"https:\/\/www.ferie-nazionali.com\/country\/Poland_137.htm\" target=\"_blank\" data-type=\"link\" data-id=\"https:\/\/www.ferie-nazionali.com\/country\/Poland_137.htm\" rel=\"noreferrer noopener\">vacanze polacche<\/a> prima di partire in modo da evitare i giorni pi\u00f9 affollati. Se lo visiti durante una vacanza, cerca di andarci la mattina presto o la sera tardi.<\/p>\n\n\n\n<p class=\"\">Abbiamo visitato Auschwitz molte volte e sappiamo quanto possa essere affollata.<\/p>\n\n\n<div data-gyg-href=\"https:\/\/widget.getyourguide.com\/default\/activities.frame\" data-gyg-locale-code=\"it-IT\" data-gyg-widget=\"activities\" data-gyg-number-of-items=\"4\" data-gyg-partner-id=\"BD1X57Z\" data-gyg-q=\"auschwitz\"><span>Powered by <a target=\"_blank\" rel=\"sponsored noopener\" href=\"https:\/\/www.getyourguide.com\/memorial-and-museum-auschwitz-birkenau-l1069\/\">GetYourGuide<\/a><\/span><\/div>\n<p><!-- GetYourGuide Analytics --><\/p>\n<p><script async defer src=\"https:\/\/widget.getyourguide.com\/dist\/pa.umd.production.min.js\" data-gyg-partner-id=\"BD1X57Z\"><\/script><\/p>\n\n\n\n<h3 class=\"wp-block-heading has-text-align-center\">Periodi migliori per andare<\/h3>\n\n\n\n<p class=\"\">La mattina presto \u00e8 il momento pi\u00f9 tranquillo per visitare Auschwitz. Se <strong><a href=\"https:\/\/auschwitztoursfromwarsaw.com\/it\/cracovia-ad-auschwitz\/\" target=\"_blank\" data-type=\"link\" data-id=\"https:\/\/auschwitztoursfromwarsaw.com\/it\/cracovia-ad-auschwitz\/\" rel=\"noreferrer noopener\">visiti Auschwitz da Cracovia<\/a><\/strong>, puoi arrivare presto perch\u00e9 non \u00e8 lontano ed \u00e8 facile da raggiungere. Arrivaci quando il sito si apre ed eviterai i grandi gruppi che arrivano pi\u00f9 tardi. \u00c8 pi\u00f9 tranquillo.<\/p>\n\n\n\n<p class=\"\">Un altro buon momento per visitarla \u00e8 il tardo pomeriggio. I grandi gruppi turistici saranno gi\u00e0 partiti e il sito \u00e8 pi\u00f9 tranquillo. La luce soffusa del pomeriggio contribuisce all&#8217;atmosfera cupa, perfetta per la riflessione.  <\/p>\n\n\n\n<p class=\"\">Offriamo <strong><a href=\"https:\/\/auschwitztoursfromwarsaw.com\/it\/varsavia-ad-auschwitz\/\" target=\"_blank\" data-type=\"link\" data-id=\"https:\/\/auschwitztoursfromwarsaw.com\/it\/varsavia-ad-auschwitz\/\" rel=\"noreferrer noopener\">tour ad Auschwitz da Varsavia<\/a><\/strong> e cerchiamo sempre di consigliare orari poco affollati.<\/p>\n\n\n<div class=\"wp-block-image\">\n<figure class=\"aligncenter size-large\"><img decoding=\"async\" width=\"1024\" height=\"683\" src=\"https:\/\/auschwitztoursfromwarsaw.com\/wp-content\/uploads\/2024\/10\/Getting-to-Auschwitz-by-car-1024x683.jpg\" alt=\"Arrivare ad Auschwitz in auto\" class=\"wp-image-2439\" srcset=\"https:\/\/auschwitztoursfromwarsaw.com\/wp-content\/uploads\/2024\/10\/Getting-to-Auschwitz-by-car-1024x683.jpg 1024w, https:\/\/auschwitztoursfromwarsaw.com\/wp-content\/uploads\/2024\/10\/Getting-to-Auschwitz-by-car-300x200.jpg 300w, https:\/\/auschwitztoursfromwarsaw.com\/wp-content\/uploads\/2024\/10\/Getting-to-Auschwitz-by-car-768x512.jpg 768w, https:\/\/auschwitztoursfromwarsaw.com\/wp-content\/uploads\/2024\/10\/Getting-to-Auschwitz-by-car.jpg 1500w\" sizes=\"(max-width: 1024px) 100vw, 1024px\" \/><\/figure>\n<\/div>\n\n\n<h2 class=\"wp-block-heading has-text-align-center\">Visitare Auschwitz stagione per stagione<\/h2>\n\n\n\n<p class=\"\">Abbiamo discusso la temperatura media mese per mese sopra, ma per maggiori dettagli, tratteremo ci\u00f2 che puoi aspettarti nelle diverse stagioni qui sotto.<\/p>\n\n\n\n<p class=\"\">Assicurati di leggere fino alla fine prima di prenotare il tuo <strong><a href=\"https:\/\/auschwitztoursfromwarsaw.com\/it\/\" target=\"_blank\" rel=\"noreferrer noopener\">tour da Auschwitz a Varsavia<\/a><\/strong> o Cracovia.<\/p>\n\n\n\n<h3 class=\"wp-block-heading has-text-align-center\">Visita guidata di Auschwitz in primavera<\/h3>\n\n\n\n<p class=\"\">La primavera \u00e8 probabilmente uno dei periodi migliori per visitare Auschwitz, e non \u00e8 molto affollata e gli orari di apertura sono abbastanza buoni per trascorrere qualche ora all&#8217;interno.<\/p>\n\n\n\n<p class=\"\">Nel caso in cui <strong><a href=\"https:\/\/auschwitztoursfromwarsaw.com\/it\/varsavia-ad-auschwitz\/\" target=\"_blank\" data-type=\"link\" data-id=\"https:\/\/auschwitztoursfromwarsaw.com\/it\/varsavia-ad-auschwitz\/\" rel=\"noreferrer noopener\">visiti Auschwitz da Varsavia<\/a><\/strong>, la primavera \u00e8 un ottimo momento poich\u00e9 i campi di concentramento non sono ancora molto affollati, quindi non devi affrettarti per arrivare a O\u015bwi\u0119cim.<\/p>\n\n\n\n<h4 class=\"wp-block-heading has-text-align-center\">Tempo<\/h4>\n\n\n\n<p class=\"\">La primavera \u00e8 caratterizzata da temperature miti e bel tempo, uno dei periodi migliori per visitare Auschwitz. Marzo pu\u00f2 essere ancora un po&#8217; freddo, ma a maggio avrai un clima piacevole, perfetto per passeggiare in questa vasta area. <\/p>\n\n\n\n<p class=\"\">Il tempo non interromper\u00e0 i tuoi piani, a differenza dell&#8217;inverno, quando la neve o la temperatura gelida possono rendere le cose pi\u00f9 impegnative.<\/p>\n\n\n<div class=\"wp-block-image\">\n<figure class=\"aligncenter size-large\"><img decoding=\"async\" width=\"1024\" height=\"683\" src=\"https:\/\/auschwitztoursfromwarsaw.com\/wp-content\/uploads\/2024\/10\/taking-a-day-trip-to-Auschwitz-from-Warsaw-1024x683.jpg\" alt=\"fare una gita di un giorno ad Auschwitz da Cracovia\" class=\"wp-image-2316\" srcset=\"https:\/\/auschwitztoursfromwarsaw.com\/wp-content\/uploads\/2024\/10\/taking-a-day-trip-to-Auschwitz-from-Warsaw-1024x683.jpg 1024w, https:\/\/auschwitztoursfromwarsaw.com\/wp-content\/uploads\/2024\/10\/taking-a-day-trip-to-Auschwitz-from-Warsaw-300x200.jpg 300w, https:\/\/auschwitztoursfromwarsaw.com\/wp-content\/uploads\/2024\/10\/taking-a-day-trip-to-Auschwitz-from-Warsaw-768x512.jpg 768w, https:\/\/auschwitztoursfromwarsaw.com\/wp-content\/uploads\/2024\/10\/taking-a-day-trip-to-Auschwitz-from-Warsaw.jpg 1500w\" sizes=\"(max-width: 1024px) 100vw, 1024px\" \/><\/figure>\n<\/div>\n\n\n<h4 class=\"wp-block-heading has-text-align-center\">Folle<\/h4>\n\n\n\n<p class=\"\">La primavera ha un buon equilibrio tra la quiete dell&#8217;inverno e la folla dell&#8217;estate. Avrai meno visitatori, un&#8217;esperienza pi\u00f9 introspettiva. I campi avranno ancora visitatori ma non travolgenti, puoi camminare al tuo ritmo.  <\/p>\n\n\n\n<h4 class=\"wp-block-heading has-text-align-center\">Vantaggi di visitare in primavera<\/h4>\n\n\n\n<p class=\"\">Oltre al bel tempo, \u00e8 possibile visitare il campo di concentramento di Auschwitz prima che arrivi la folla. L&#8217;atmosfera tranquilla e le meno distrazioni ti aiuteranno ad avere un&#8217;esperienza pi\u00f9 personale con il memoriale. <\/p>\n\n\n<div class=\"wp-block-image\">\n<figure class=\"aligncenter size-large\"><img decoding=\"async\" width=\"1024\" height=\"683\" src=\"https:\/\/auschwitztoursfromwarsaw.com\/wp-content\/uploads\/2024\/10\/Train-at-Auschwitz-Birkenau-II-1024x683.jpg\" alt=\"Treno ad Auschwitz Birkenau II\" class=\"wp-image-2435\" srcset=\"https:\/\/auschwitztoursfromwarsaw.com\/wp-content\/uploads\/2024\/10\/Train-at-Auschwitz-Birkenau-II-1024x683.jpg 1024w, https:\/\/auschwitztoursfromwarsaw.com\/wp-content\/uploads\/2024\/10\/Train-at-Auschwitz-Birkenau-II-300x200.jpg 300w, https:\/\/auschwitztoursfromwarsaw.com\/wp-content\/uploads\/2024\/10\/Train-at-Auschwitz-Birkenau-II-768x512.jpg 768w, https:\/\/auschwitztoursfromwarsaw.com\/wp-content\/uploads\/2024\/10\/Train-at-Auschwitz-Birkenau-II.jpg 1500w\" sizes=\"(max-width: 1024px) 100vw, 1024px\" \/><\/figure>\n<\/div>\n\n\n<h3 class=\"wp-block-heading has-text-align-center\">Visitare Auschwitz in estate<\/h3>\n\n\n\n<p class=\"\">L&#8217;inverno pu\u00f2 essere estremamente freddo in Polonia, quindi se preferisci le giornate di sole, l&#8217;estate \u00e8 un&#8217;ottima alternativa.<\/p>\n\n\n\n<p class=\"\">Di seguito, parleremo di cosa puoi aspettarti nei mesi estivi ad Auschwitz, dal tempo alla folla e altro ancora.<\/p>\n\n\n<div data-gyg-href=\"https:\/\/widget.getyourguide.com\/default\/activities.frame\" data-gyg-locale-code=\"it-IT\" data-gyg-widget=\"activities\" data-gyg-number-of-items=\"4\" data-gyg-partner-id=\"BD1X57Z\" data-gyg-q=\"krakow old town\"><span>Powered by <a target=\"_blank\" rel=\"sponsored noopener\" href=\"https:\/\/www.getyourguide.com\/-t404385\">GetYourGuide<\/a><\/span><\/div>\n<p><!-- GetYourGuide Analytics --><\/p>\n<p><script async defer src=\"https:\/\/widget.getyourguide.com\/dist\/pa.umd.production.min.js\" data-gyg-partner-id=\"BD1X57Z\"><\/script><\/p>\n\n\n\n<h4 class=\"wp-block-heading has-text-align-center\">Tempo<\/h4>\n\n\n\n<p class=\"\">Da giugno ad agosto \u00e8 estate e fa caldo. La temperatura varia da 21\u00b0C a 23\u00b0C, perfetta per visite pi\u00f9 lunghe. Ma il caldo pu\u00f2 essere insopportabile, soprattutto quando si cammina ad Auschwitz II-Birkenau, dove non c&#8217;\u00e8 ombra. Porta la protezione solare e rimani idratato.   <\/p>\n\n\n<div class=\"wp-block-image\">\n<figure class=\"aligncenter size-large\"><img decoding=\"async\" width=\"1024\" height=\"679\" src=\"https:\/\/auschwitztoursfromwarsaw.com\/wp-content\/uploads\/2024\/10\/Entrance-of-Auschwitz-concentration-camp-on-a-sunny-day-1024x679.jpg\" alt=\"Ingresso del campo di concentramento di Auschwitz in una giornata di sole - Ecco come arrivare ad Auschwitz\" class=\"wp-image-2413\" srcset=\"https:\/\/auschwitztoursfromwarsaw.com\/wp-content\/uploads\/2024\/10\/Entrance-of-Auschwitz-concentration-camp-on-a-sunny-day-1024x679.jpg 1024w, https:\/\/auschwitztoursfromwarsaw.com\/wp-content\/uploads\/2024\/10\/Entrance-of-Auschwitz-concentration-camp-on-a-sunny-day-300x199.jpg 300w, https:\/\/auschwitztoursfromwarsaw.com\/wp-content\/uploads\/2024\/10\/Entrance-of-Auschwitz-concentration-camp-on-a-sunny-day-768x509.jpg 768w, https:\/\/auschwitztoursfromwarsaw.com\/wp-content\/uploads\/2024\/10\/Entrance-of-Auschwitz-concentration-camp-on-a-sunny-day.jpg 1500w\" sizes=\"(max-width: 1024px) 100vw, 1024px\" \/><\/figure>\n<\/div>\n\n\n<h4 class=\"wp-block-heading has-text-align-center\">Folle<\/h4>\n\n\n\n<p class=\"\">L&#8217;estate \u00e8 l&#8217;alta stagione per visitare Auschwitz. Luglio e agosto sono i mesi pi\u00f9 affollati e molte scuole e gruppi turistici pianificano il loro viaggio durante questo periodo. <\/p>\n\n\n\n<p class=\"\">Le visite guidate e le code all&#8217;ingresso possono essere lunghe e il sito sembrer\u00e0 pi\u00f9 affollato, soprattutto intorno ad alcune aree come i binari del treno e la camera a gas.<\/p>\n\n\n\n<p class=\"\">Aspettatevi lunghe code alla caserma, ad Auschwitz III Monowitz, e soprattutto ad Auschwitz II Birkenau, per ovvi motivi.<\/p>\n\n\n\n<h3 class=\"wp-block-heading has-text-align-center\">Vantaggi di visitare in estate<\/h3>\n\n\n\n<p class=\"\">Se da un lato l&#8217;estate significa pi\u00f9 folla, dall&#8217;altro significa anche ore di luce diurna pi\u00f9 lunghe, in modo da avere pi\u00f9 tempo per visitarla. E se sei gi\u00e0 in Polonia o in giro per l&#8217;Europa, aggiungere Auschwitz al tuo itinerario in estate pu\u00f2 essere conveniente. <\/p>\n\n\n\n<h4 class=\"wp-block-heading has-text-align-center\">Consigli per visitare in estate<\/h4>\n\n\n\n<ul class=\"wp-block-list\">\n<li class=\"\">Prenota online le visite guidate e i biglietti d&#8217;ingresso per saltare la fila.<\/li>\n\n\n\n<li class=\"\">Arriva presto per evitare il picco di folla.<\/li>\n\n\n\n<li class=\"\">Indossa luce e porta acqua.<\/li>\n\n\n\n<li class=\"\">Visita nel tardo pomeriggio, quando la maggior parte dei gruppi parte.<\/li>\n<\/ul>\n\n\n<div class=\"wp-block-image\">\n<figure class=\"aligncenter size-large\"><img decoding=\"async\" width=\"1024\" height=\"683\" src=\"https:\/\/auschwitztoursfromwarsaw.com\/wp-content\/uploads\/2024\/10\/Auschwitz-Birkenau-in-the-summer-1024x683.jpg\" alt=\"Auschwitz Birkenau in estate\" class=\"wp-image-2433\" srcset=\"https:\/\/auschwitztoursfromwarsaw.com\/wp-content\/uploads\/2024\/10\/Auschwitz-Birkenau-in-the-summer-1024x683.jpg 1024w, https:\/\/auschwitztoursfromwarsaw.com\/wp-content\/uploads\/2024\/10\/Auschwitz-Birkenau-in-the-summer-300x200.jpg 300w, https:\/\/auschwitztoursfromwarsaw.com\/wp-content\/uploads\/2024\/10\/Auschwitz-Birkenau-in-the-summer-768x512.jpg 768w, https:\/\/auschwitztoursfromwarsaw.com\/wp-content\/uploads\/2024\/10\/Auschwitz-Birkenau-in-the-summer.jpg 1500w\" sizes=\"(max-width: 1024px) 100vw, 1024px\" \/><\/figure>\n<\/div>\n\n\n<h3 class=\"wp-block-heading has-text-align-center\">Visitare Auschwitz in autunno<\/h3>\n\n\n\n<p class=\"\">L&#8217;autunno \u00e8 una buona alternativa ai mesi estivi, soprattutto all&#8217;inizio della stagione. Parliamone di pi\u00f9 qui sotto in modo da avere un&#8217;idea migliore di cosa aspettarsi da settembre a novembre. <\/p>\n\n\n\n<h4 class=\"wp-block-heading has-text-align-center\">Tempo<\/h4>\n\n\n\n<p class=\"\">L&#8217;autunno \u00e8 fresco e frizzante e passeggiare per Auschwitz \u00e8 comodo. Settembre \u00e8 ancora mite, ma a novembre \u00e8 pi\u00f9 fresco e piovoso. Ma non fa mai troppo freddo, quindi \u00e8 comunque bello passeggiare.  <\/p>\n\n\n<div class=\"wp-block-image\">\n<figure class=\"aligncenter size-large\"><img decoding=\"async\" width=\"1024\" height=\"683\" src=\"https:\/\/auschwitztoursfromwarsaw.com\/wp-content\/uploads\/2024\/10\/Visiting-Auschwitz-Birkenau-1024x683.jpg\" alt=\"Visitare Auschwitz Birkenau in autunno\" class=\"wp-image-2325\" srcset=\"https:\/\/auschwitztoursfromwarsaw.com\/wp-content\/uploads\/2024\/10\/Visiting-Auschwitz-Birkenau-1024x683.jpg 1024w, https:\/\/auschwitztoursfromwarsaw.com\/wp-content\/uploads\/2024\/10\/Visiting-Auschwitz-Birkenau-300x200.jpg 300w, https:\/\/auschwitztoursfromwarsaw.com\/wp-content\/uploads\/2024\/10\/Visiting-Auschwitz-Birkenau-768x512.jpg 768w, https:\/\/auschwitztoursfromwarsaw.com\/wp-content\/uploads\/2024\/10\/Visiting-Auschwitz-Birkenau.jpg 1500w\" sizes=\"(max-width: 1024px) 100vw, 1024px\" \/><\/figure>\n<\/div>\n\n\n<h4 class=\"wp-block-heading has-text-align-center\">Folle<\/h4>\n\n\n\n<p class=\"\">L&#8217;autunno \u00e8 meno affollato soprattutto nei mesi di ottobre e novembre. \u00c8 il momento perfetto per un&#8217;esperienza pi\u00f9 tranquilla e riflessiva senza la folla estiva. In questo modo puoi connetterti con il memoriale senza troppe distrazioni.  <\/p>\n\n\n\n<h4 class=\"wp-block-heading has-text-align-center\">Vantaggi di visitare in autunno<\/h4>\n\n\n\n<p class=\"\">L&#8217;autunno \u00e8 buono per chi vuole evitare la folla e fare una visita tranquilla. Il paesaggio autunnale intorno ai campi si aggiunge alla bellezza del luogo e rende la visita ancora pi\u00f9 significativa. <\/p>\n\n\n\n<p class=\"\">La folla pi\u00f9 piccola consente una riflessione pi\u00f9 personale e il tempo per assorbire ci\u00f2 che \u00e8 accaduto qui.<\/p>\n\n\n<div class=\"wp-block-image\">\n<figure class=\"aligncenter size-large\"><img decoding=\"async\" width=\"1024\" height=\"763\" src=\"https:\/\/auschwitztoursfromwarsaw.com\/wp-content\/uploads\/2024\/10\/Beds-at-Auschwitz-Birkenau-1024x763.jpg\" alt=\"Letti ad Auschwitz Birkenau\" class=\"wp-image-2333\" srcset=\"https:\/\/auschwitztoursfromwarsaw.com\/wp-content\/uploads\/2024\/10\/Beds-at-Auschwitz-Birkenau-1024x763.jpg 1024w, https:\/\/auschwitztoursfromwarsaw.com\/wp-content\/uploads\/2024\/10\/Beds-at-Auschwitz-Birkenau-300x224.jpg 300w, https:\/\/auschwitztoursfromwarsaw.com\/wp-content\/uploads\/2024\/10\/Beds-at-Auschwitz-Birkenau-768x572.jpg 768w, https:\/\/auschwitztoursfromwarsaw.com\/wp-content\/uploads\/2024\/10\/Beds-at-Auschwitz-Birkenau.jpg 1500w\" sizes=\"(max-width: 1024px) 100vw, 1024px\" \/><\/figure>\n<\/div>\n\n\n<h3 class=\"wp-block-heading has-text-align-center\">Visitare Auschwitz in inverno<\/h3>\n\n\n\n<p class=\"\">Ultimo ma non meno importante, l&#8217;inverno ad Auschwitz. Anche se fa freddo, c&#8217;\u00e8 meno folla e questo ti d\u00e0 l&#8217;opportunit\u00e0 di riflettere su ci\u00f2 che gli ex prigionieri hanno vissuto durante il periodo peggiore dell&#8217;anno. <\/p>\n\n\n\n<h4 class=\"wp-block-heading has-text-align-center\">Tempo<\/h4>\n\n\n\n<p class=\"\">L&#8217;inverno \u00e8 freddo e rigido con temperature gelide. La neve \u00e8 comune e conferisce al sito di Auschwitz un&#8217;atmosfera spettrale. <\/p>\n\n\n\n<p class=\"\">Sebbene sia scomodo, rispecchia anche le condizioni che molti prigionieri hanno sopportato durante l&#8217;Olocausto, quindi aggiunge un ulteriore livello di contesto emotivo alla tua visita.<\/p>\n\n\n<div class=\"wp-block-image\">\n<figure class=\"aligncenter size-large\"><img decoding=\"async\" width=\"1024\" height=\"683\" src=\"https:\/\/auschwitztoursfromwarsaw.com\/wp-content\/uploads\/2024\/10\/Visiting-Auschwitz-Birkenau-concentration-camps-in-the-winter-1024x683.jpg\" alt=\"Visitare i campi di concentramento di Auschwitz Birkenau in inverno\" class=\"wp-image-2440\" srcset=\"https:\/\/auschwitztoursfromwarsaw.com\/wp-content\/uploads\/2024\/10\/Visiting-Auschwitz-Birkenau-concentration-camps-in-the-winter-1024x683.jpg 1024w, https:\/\/auschwitztoursfromwarsaw.com\/wp-content\/uploads\/2024\/10\/Visiting-Auschwitz-Birkenau-concentration-camps-in-the-winter-300x200.jpg 300w, https:\/\/auschwitztoursfromwarsaw.com\/wp-content\/uploads\/2024\/10\/Visiting-Auschwitz-Birkenau-concentration-camps-in-the-winter-768x512.jpg 768w, https:\/\/auschwitztoursfromwarsaw.com\/wp-content\/uploads\/2024\/10\/Visiting-Auschwitz-Birkenau-concentration-camps-in-the-winter.jpg 1500w\" sizes=\"(max-width: 1024px) 100vw, 1024px\" \/><\/figure>\n<\/div>\n\n\n<h4 class=\"wp-block-heading has-text-align-center\">Folle<\/h4>\n\n\n\n<p class=\"\">L&#8217;inverno \u00e8 il periodo pi\u00f9 tranquillo per visitare Auschwitz, ma potrebbero esserci gruppi scolastici in determinati periodi come la domenica di Pasqua. Anche con meno persone \u00e8 comunque solenne e tranquillo, quindi \u00e8 una grande opportunit\u00e0 per riflettere. <\/p>\n\n\n\n<h4 class=\"wp-block-heading has-text-align-center\">Vantaggi di visitare in inverno<\/h4>\n\n\n\n<p class=\"\">Il tempo \u00e8 molto riflessivo e solenne. Eviterai anche la folla in modo da avere una connessione pi\u00f9 personale con il sito. Se non ti dispiace il freddo, pu\u00f2 essere uno dei periodi pi\u00f9 emozionanti per visitarlo.  <\/p>\n\n\n\n<h4 class=\"wp-block-heading has-text-align-center\">Consigli per visitare in inverno<\/h4>\n\n\n\n<ul class=\"wp-block-list\">\n<li class=\"\">Vestiti a strati, inclusi guanti, sciarpe e cappelli.<\/li>\n\n\n\n<li class=\"\">Indossa scarpe robuste per affrontare sentieri ghiacciati o scivolosi.<\/li>\n\n\n\n<li class=\"\">Pianifica giornate pi\u00f9 corte e orari di chiusura anticipati.<\/li>\n<\/ul>\n\n\n<div class=\"wp-block-image\">\n<figure class=\"aligncenter size-large\"><img decoding=\"async\" width=\"1024\" height=\"683\" src=\"https:\/\/auschwitztoursfromwarsaw.com\/wp-content\/uploads\/2024\/10\/Uniforms-at-Auschwitz-Birkenau-1024x683.jpg\" alt=\"Uniformi ad Auschwitz Birkenau\" class=\"wp-image-2332\" srcset=\"https:\/\/auschwitztoursfromwarsaw.com\/wp-content\/uploads\/2024\/10\/Uniforms-at-Auschwitz-Birkenau-1024x683.jpg 1024w, https:\/\/auschwitztoursfromwarsaw.com\/wp-content\/uploads\/2024\/10\/Uniforms-at-Auschwitz-Birkenau-300x200.jpg 300w, https:\/\/auschwitztoursfromwarsaw.com\/wp-content\/uploads\/2024\/10\/Uniforms-at-Auschwitz-Birkenau-768x513.jpg 768w, https:\/\/auschwitztoursfromwarsaw.com\/wp-content\/uploads\/2024\/10\/Uniforms-at-Auschwitz-Birkenau.jpg 1500w\" sizes=\"(max-width: 1024px) 100vw, 1024px\" \/><\/figure>\n<\/div>\n\n\n<h3 class=\"wp-block-heading has-text-align-center\">Considerazioni emotive per stagione<\/h3>\n\n\n\n<p class=\"\">La stagione pu\u00f2 influenzare il modo in cui ti senti durante la tua visita. L&#8217;inverno, con le sue condizioni fredde e ruvide, rende l&#8217;esperienza pi\u00f9 cupa e riflessiva. <\/p>\n\n\n\n<p class=\"\">L&#8217;estate, anche se affollata, ha giornate lunghe e si possono vedere pi\u00f9 campi. L&#8217;autunno e la primavera hanno un bel tempo e meno persone, quindi sono i migliori per una riflessione tranquilla. Qualunque sia il periodo dell&#8217;anno in cui la visiti, Auschwitz \u00e8 emozionante, ma conoscere la stagione pu\u00f2 aiutarti a prepararti.  <\/p>\n\n\n\n<h2 class=\"wp-block-heading has-text-align-center\">Conclusione<\/h2>\n\n\n\n<p class=\"\">Tutto dipende da ci\u00f2 che vuoi provare. La primavera e l&#8217;autunno hanno il miglior equilibrio tra bel tempo e meno persone. L&#8217;estate ha giornate lunghe ma pi\u00f9 gruppi. L&#8217;inverno ha l&#8217;esperienza pi\u00f9 riflessiva, meno visitatori ma tempo rigido.   <\/p>\n\n\n\n<p class=\"\">Pianifica in anticipo. Qualunque cosa tu voglia ottenere dalla tua visita, scegliere la stagione, il giorno e l&#8217;ora giusti ti aiuter\u00e0 a sfruttare al meglio questo importante memoriale. <\/p>\n","protected":false},"excerpt":{"rendered":"<p>Auschwitz \u00e8 uno dei pi\u00f9 potenti promemoria degli orrori dell&#8217;Olocausto e della Seconda Guerra Mondiale. Persone da tutto il mondo vengono a visitare Auschwitz per riflettere su ci\u00f2 che \u00e8 accaduto in questo campo di concentramento nazista. S\u00ec, nonostante l&#8217;esperienza che fa riflettere, vale la pena visitare Auschwitz. Tuttavia, qual \u00e8 il periodo migliore per&#8230;<\/p>\n","protected":false},"author":1,"featured_media":2731,"comment_status":"closed","ping_status":"closed","sticky":false,"template":"","format":"standard","meta":{"nf_dc_page":"","_kadence_starter_templates_imported_post":false,"_kad_post_transparent":"","_kad_post_title":"","_kad_post_layout":"","_kad_post_sidebar_id":"","_kad_post_content_style":"","_kad_post_vertical_padding":"","_kad_post_feature":"","_kad_post_feature_position":"","_kad_post_header":false,"_kad_post_footer":false,"_kad_post_classname":"","footnotes":""},"categories":[228],"tags":[],"class_list":["post-3420","post","type-post","status-publish","format-standard","has-post-thumbnail","hentry","category-visitare-auschwitz"],"_links":{"self":[{"href":"https:\/\/auschwitztoursfromwarsaw.com\/it\/wp-json\/wp\/v2\/posts\/3420","targetHints":{"allow":["GET"]}}],"collection":[{"href":"https:\/\/auschwitztoursfromwarsaw.com\/it\/wp-json\/wp\/v2\/posts"}],"about":[{"href":"https:\/\/auschwitztoursfromwarsaw.com\/it\/wp-json\/wp\/v2\/types\/post"}],"author":[{"embeddable":true,"href":"https:\/\/auschwitztoursfromwarsaw.com\/it\/wp-json\/wp\/v2\/users\/1"}],"replies":[{"embeddable":true,"href":"https:\/\/auschwitztoursfromwarsaw.com\/it\/wp-json\/wp\/v2\/comments?post=3420"}],"version-history":[{"count":4,"href":"https:\/\/auschwitztoursfromwarsaw.com\/it\/wp-json\/wp\/v2\/posts\/3420\/revisions"}],"predecessor-version":[{"id":3849,"href":"https:\/\/auschwitztoursfromwarsaw.com\/it\/wp-json\/wp\/v2\/posts\/3420\/revisions\/3849"}],"wp:featuredmedia":[{"embeddable":true,"href":"https:\/\/auschwitztoursfromwarsaw.com\/it\/wp-json\/wp\/v2\/media\/2731"}],"wp:attachment":[{"href":"https:\/\/auschwitztoursfromwarsaw.com\/it\/wp-json\/wp\/v2\/media?parent=3420"}],"wp:term":[{"taxonomy":"category","embeddable":true,"href":"https:\/\/auschwitztoursfromwarsaw.com\/it\/wp-json\/wp\/v2\/categories?post=3420"},{"taxonomy":"post_tag","embeddable":true,"href":"https:\/\/auschwitztoursfromwarsaw.com\/it\/wp-json\/wp\/v2\/tags?post=3420"}],"curies":[{"name":"wp","href":"https:\/\/api.w.org\/{rel}","templated":true}]}}