{"id":3334,"date":"2024-10-16T08:23:50","date_gmt":"2024-10-16T08:23:50","guid":{"rendered":"https:\/\/auschwitztoursfromwarsaw.com\/dentro-de-auschwitz-camaras-de-gas-quarteis-restos\/"},"modified":"2025-05-13T09:20:36","modified_gmt":"2025-05-13T09:20:36","slug":"dentro-de-auschwitz","status":"publish","type":"post","link":"https:\/\/auschwitztoursfromwarsaw.com\/pt-pt\/dentro-de-auschwitz\/","title":{"rendered":"Dentro de Auschwitz: C\u00e2maras de G\u00e1s, Quart\u00e9is, Restos"},"content":{"rendered":"\n<p class=\"\">Auschwitz-Birkenau \u00e9 um dos momentos mais sombrios da hist\u00f3ria da humanidade. Localizado perto da pacata cidade de O\u015bwi\u0119cim, na Pol\u00f3nia, este antigo campo de concentra\u00e7\u00e3o e exterm\u00ednio \u00e9 um dos piores lugares do mundo. <\/p>\n\n\n\n<p class=\"\">No entanto, est\u00e1 aberto ao turismo hoje. Mas Auschwitz n\u00e3o \u00e9 um lugar f\u00e1cil de visitar. Longe disso.  <\/p>\n\n\n\n<p class=\"\">Atravessar os port\u00f5es \u00e9 uma experi\u00eancia poderosa e triste que lhe d\u00e1 um vislumbre do inimagin\u00e1vel.<\/p>\n\n\n\n<p class=\"\">Neste guia, levamos voc\u00ea para dentro de Auschwitz, para as c\u00e2maras de g\u00e1s, quart\u00e9is e outros peda\u00e7os assustadores que contam as hist\u00f3rias daqueles que estavam atr\u00e1s de arame farpado.<\/p>\n\n\n<div class=\"wp-block-image\">\n<figure class=\"aligncenter size-large\"><img decoding=\"async\" width=\"1024\" height=\"683\" src=\"https:\/\/auschwitztoursfromwarsaw.com\/wp-content\/uploads\/2024\/10\/taking-a-tour-to-Auschwitz-from-Warsaw-1024x683.jpg\" alt=\"fazer uma excurs\u00e3o a Auschwitz saindo de Vars\u00f3via\" class=\"wp-image-2314\" srcset=\"https:\/\/auschwitztoursfromwarsaw.com\/wp-content\/uploads\/2024\/10\/taking-a-tour-to-Auschwitz-from-Warsaw-1024x683.jpg 1024w, https:\/\/auschwitztoursfromwarsaw.com\/wp-content\/uploads\/2024\/10\/taking-a-tour-to-Auschwitz-from-Warsaw-300x200.jpg 300w, https:\/\/auschwitztoursfromwarsaw.com\/wp-content\/uploads\/2024\/10\/taking-a-tour-to-Auschwitz-from-Warsaw-768x512.jpg 768w, https:\/\/auschwitztoursfromwarsaw.com\/wp-content\/uploads\/2024\/10\/taking-a-tour-to-Auschwitz-from-Warsaw.jpg 1500w\" sizes=\"(max-width: 1024px) 100vw, 1024px\" \/><\/figure>\n<\/div>\n\n\n<h2 class=\"wp-block-heading has-text-align-center\">Interior de Auschwitz Birkenau<\/h2>\n\n\n\n<p class=\"\">Auschwitz-Birkenau \u00e9 um complexo de mais de 40 campos de concentra\u00e7\u00e3o e exterm\u00ednio operados pela Alemanha nazista durante a Segunda Guerra Mundial. Dois dos campos, Auschwitz I e Auschwitz II-Birkenau, est\u00e3o abertos ao p\u00fablico. <\/p>\n\n\n\n<p class=\"\">No interior voc\u00ea pode ver mais de 40 quart\u00e9is, torres de vigia, c\u00e2maras de g\u00e1s e cremat\u00f3rios. O local \u00e9 um museu e memorial com exposi\u00e7\u00f5es de objetos pessoais, como malas, sapatos e \u00f3culos dos prisioneiros. <\/p>\n\n\n\n<p class=\"\">Esses itens, juntamente com fotografias e documentos, d\u00e3o uma vis\u00e3o comovente da vida cotidiana e do assassinato sistem\u00e1tico que ocorreu. Cada canto do campo \u00e9 uma triste lembran\u00e7a das vidas humanas perdidas. <\/p>\n\n\n<div data-vi-partner-id=P00037809 data-vi-widget-ref=W-5a0da132-f651-4e63-a29c-3e18f9ddf0b5 ><\/div>\n<p><script async src=\"https:\/\/www.viator.com\/orion\/partner\/widget.js\"><\/script><\/p>\n\n\n<div class=\"wp-block-image\">\n<figure class=\"aligncenter size-large\"><img decoding=\"async\" width=\"1024\" height=\"685\" src=\"https:\/\/auschwitztoursfromwarsaw.com\/wp-content\/uploads\/2024\/10\/Entrance-of-Auschwitz-Birkenau-memorial-1024x685.jpg\" alt=\"Entrada do memorial de Auschwitz Birkenau\" class=\"wp-image-2330\" srcset=\"https:\/\/auschwitztoursfromwarsaw.com\/wp-content\/uploads\/2024\/10\/Entrance-of-Auschwitz-Birkenau-memorial-1024x685.jpg 1024w, https:\/\/auschwitztoursfromwarsaw.com\/wp-content\/uploads\/2024\/10\/Entrance-of-Auschwitz-Birkenau-memorial-300x201.jpg 300w, https:\/\/auschwitztoursfromwarsaw.com\/wp-content\/uploads\/2024\/10\/Entrance-of-Auschwitz-Birkenau-memorial-768x514.jpg 768w, https:\/\/auschwitztoursfromwarsaw.com\/wp-content\/uploads\/2024\/10\/Entrance-of-Auschwitz-Birkenau-memorial.jpg 1500w\" sizes=\"(max-width: 1024px) 100vw, 1024px\" \/><\/figure>\n<\/div>\n\n\n<h3 class=\"wp-block-heading has-text-align-center\">Sinais de Comemora\u00e7\u00e3o<\/h3>\n\n\n\n<p class=\"\">Ao longo de Auschwitz, h\u00e1 muitos sinais memoriais e placas que ajudam voc\u00ea a navegar pelo local e entender sua hist\u00f3ria.<\/p>\n\n\n\n<p class=\"\">Esses sinais contam o que havia em cada pr\u00e9dio, o que aconteceu em cada local e as hist\u00f3rias dos prisioneiros.<\/p>\n\n\n\n<p class=\"\">O texto multilingue significa que a mensagem \u00e9 global. Os sinais incluem cita\u00e7\u00f5es de sobreviventes e testemunhas para adicionar uma camada emocional aos fatos. <\/p>\n\n\n\n<p class=\"\">S\u00e3o ferramentas educativas, mas tamb\u00e9m uma homenagem \u00e0s v\u00edtimas e um lembrete para recordar e aprender com este per\u00edodo.<\/p>\n\n\n<div class=\"wp-block-image\">\n<figure class=\"aligncenter size-large\"><img decoding=\"async\" width=\"1024\" height=\"683\" src=\"https:\/\/auschwitztoursfromwarsaw.com\/wp-content\/uploads\/2024\/10\/Memorial-signs-at-Auschwitz-Birkenau-1024x683.jpg\" alt=\"Placas comemorativas em Auschwitz Birkenau\" class=\"wp-image-2415\" srcset=\"https:\/\/auschwitztoursfromwarsaw.com\/wp-content\/uploads\/2024\/10\/Memorial-signs-at-Auschwitz-Birkenau-1024x683.jpg 1024w, https:\/\/auschwitztoursfromwarsaw.com\/wp-content\/uploads\/2024\/10\/Memorial-signs-at-Auschwitz-Birkenau-300x200.jpg 300w, https:\/\/auschwitztoursfromwarsaw.com\/wp-content\/uploads\/2024\/10\/Memorial-signs-at-Auschwitz-Birkenau-768x512.jpg 768w, https:\/\/auschwitztoursfromwarsaw.com\/wp-content\/uploads\/2024\/10\/Memorial-signs-at-Auschwitz-Birkenau.jpg 1500w\" sizes=\"(max-width: 1024px) 100vw, 1024px\" \/><\/figure>\n<\/div>\n\n\n<h3 class=\"wp-block-heading has-text-align-center\">Auschwitz Block 4 (A \u00c1rea de Exterm\u00ednio)<\/h3>\n\n\n\n<p class=\"\">O bloco 4 \u00e9 sobre &#8220;Exterm\u00ednio&#8221;. Dentro deste bloco voc\u00ea encontrar\u00e1 exposi\u00e7\u00f5es sobre a &#8220;Solu\u00e7\u00e3o Final&#8221; \u2013 o plano nazista para exterminar o povo judeu. <\/p>\n\n\n\n<p class=\"\">Modelos de c\u00e2maras de g\u00e1s e cremat\u00f3rios mostram como funcionavam. Fotos e documentos mostram a chegada de prisioneiros, o processo de sele\u00e7\u00e3o e assassinatos em massa. <\/p>\n\n\n\n<p class=\"\">O bloco tamb\u00e9m tem depoimentos de sobreviventes e testemunhas, relatos pessoais do que aconteceu. As exposi\u00e7\u00f5es tentam mostrar a escala e a brutalidade do exterm\u00ednio, o c\u00e1lculo e a natureza sistem\u00e1tica do genoc\u00eddio. <\/p>\n\n\n<div data-vi-partner-id=P00037809 data-vi-widget-ref=W-c951b683-903d-4370-b4d8-9c7f1f9b3272 ><\/div>\n<p><script async src=\"https:\/\/www.viator.com\/orion\/partner\/widget.js\"><\/script><\/p>\n\n\n<div class=\"wp-block-image\">\n<figure class=\"aligncenter size-large\"><img decoding=\"async\" width=\"1024\" height=\"683\" src=\"https:\/\/auschwitztoursfromwarsaw.com\/wp-content\/uploads\/2024\/10\/Visiting-Auschwitz-in-Poland-from-Warsaw-1024x683.jpg\" alt=\"Visitando Auschwitz na Pol\u00f4nia saindo de Vars\u00f3via\" class=\"wp-image-2326\" srcset=\"https:\/\/auschwitztoursfromwarsaw.com\/wp-content\/uploads\/2024\/10\/Visiting-Auschwitz-in-Poland-from-Warsaw-1024x683.jpg 1024w, https:\/\/auschwitztoursfromwarsaw.com\/wp-content\/uploads\/2024\/10\/Visiting-Auschwitz-in-Poland-from-Warsaw-300x200.jpg 300w, https:\/\/auschwitztoursfromwarsaw.com\/wp-content\/uploads\/2024\/10\/Visiting-Auschwitz-in-Poland-from-Warsaw-768x512.jpg 768w, https:\/\/auschwitztoursfromwarsaw.com\/wp-content\/uploads\/2024\/10\/Visiting-Auschwitz-in-Poland-from-Warsaw.jpg 1500w\" sizes=\"(max-width: 1024px) 100vw, 1024px\" \/><\/figure>\n<\/div>\n\n\n<h3 class=\"wp-block-heading has-text-align-center\">Auschwitz Bloco 5<\/h3>\n\n\n\n<p class=\"\">O bloco 5 chama-se &#8220;Provas Materiais de Crimes&#8221;. \u00c9 uma das exposi\u00e7\u00f5es mais poderosas do campo. O bloco cont\u00e9m milhares de pertences pessoais retirados dos prisioneiros quando eles chegaram.  <\/p>\n\n\n\n<p class=\"\">As caixas de vidro mostram pilhas de \u00f3culos, escovas de dentes, utens\u00edlios de cozinha e outros objetos do dia a dia. Uma das mais marcantes \u00e9 a recolha de malas, muitas com nomes e datas de nascimento inscritas, mostrando a esperan\u00e7a e cren\u00e7a de que estavam a ser realojadas. <\/p>\n\n\n\n<p class=\"\">Estes pertences humanizam as v\u00edtimas, transformando estat\u00edsticas em hist\u00f3rias individuais. A grande quantidade de pertences mostra o n\u00famero de vidas interrompidas e destru\u00eddas. <\/p>\n\n\n<div class=\"wp-block-image\">\n<figure class=\"aligncenter size-large\"><img decoding=\"async\" width=\"1024\" height=\"683\" src=\"https:\/\/auschwitztoursfromwarsaw.com\/wp-content\/uploads\/2024\/10\/Extermination-camps-at-Auschwitz-1024x683.jpg\" alt=\"Campos de exterm\u00ednio de Auschwitz\" class=\"wp-image-2431\" srcset=\"https:\/\/auschwitztoursfromwarsaw.com\/wp-content\/uploads\/2024\/10\/Extermination-camps-at-Auschwitz-1024x683.jpg 1024w, https:\/\/auschwitztoursfromwarsaw.com\/wp-content\/uploads\/2024\/10\/Extermination-camps-at-Auschwitz-300x200.jpg 300w, https:\/\/auschwitztoursfromwarsaw.com\/wp-content\/uploads\/2024\/10\/Extermination-camps-at-Auschwitz-768x512.jpg 768w, https:\/\/auschwitztoursfromwarsaw.com\/wp-content\/uploads\/2024\/10\/Extermination-camps-at-Auschwitz.jpg 1500w\" sizes=\"(max-width: 1024px) 100vw, 1024px\" \/><\/figure>\n<\/div>\n\n\n<h3 class=\"wp-block-heading has-text-align-center\">Auschwitz Bloco 6<\/h3>\n\n\n\n<p class=\"\">O bloco 6 trata do quotidiano dos prisioneiros no campo. As exposi\u00e7\u00f5es mostram fotos, documentos e hist\u00f3rias pessoais da dura realidade dos presos. <\/p>\n\n\n\n<p class=\"\">Os monitores mostram o trabalho \u00e1rduo, m\u00e1 nutri\u00e7\u00e3o e puni\u00e7\u00f5es severas para infra\u00e7\u00f5es menores. O bloco tamb\u00e9m explora a tortura psicol\u00f3gica e a perda de identidade quando os prisioneiros foram despojados de seus pertences, cabelos e at\u00e9 mesmo seus nomes \u2013 substitu\u00eddos por n\u00fameros tatuados em seus bra\u00e7os. <\/p>\n\n\n\n<p class=\"\">Este bloco mostra o sofrimento e a resili\u00eancia do esp\u00edrito humano perante o inimagin\u00e1vel.<\/p>\n\n\n<div class=\"wp-block-image\">\n<figure class=\"aligncenter size-large\"><img decoding=\"async\" width=\"1024\" height=\"683\" src=\"https:\/\/auschwitztoursfromwarsaw.com\/wp-content\/uploads\/2024\/10\/Signs-inside-Auschwitz-camps-1024x683.jpg\" alt=\"Sinais dentro dos campos de Auschwitz\" class=\"wp-image-2430\" srcset=\"https:\/\/auschwitztoursfromwarsaw.com\/wp-content\/uploads\/2024\/10\/Signs-inside-Auschwitz-camps-1024x683.jpg 1024w, https:\/\/auschwitztoursfromwarsaw.com\/wp-content\/uploads\/2024\/10\/Signs-inside-Auschwitz-camps-300x200.jpg 300w, https:\/\/auschwitztoursfromwarsaw.com\/wp-content\/uploads\/2024\/10\/Signs-inside-Auschwitz-camps-768x512.jpg 768w, https:\/\/auschwitztoursfromwarsaw.com\/wp-content\/uploads\/2024\/10\/Signs-inside-Auschwitz-camps.jpg 1500w\" sizes=\"(max-width: 1024px) 100vw, 1024px\" \/><\/figure>\n<\/div>\n\n\n<h3 class=\"wp-block-heading has-text-align-center\">Auschwitz Bloco 7<\/h3>\n\n\n\n<p class=\"\">Este bloco \u00e9 um quartel de prisioneiros reconstru\u00eddo, voc\u00ea pode ver as condi\u00e7\u00f5es de vida no campo. Os visitantes caminham por dormit\u00f3rios com beliches de madeira de tr\u00eas camadas, cada beliche projetado para acomodar v\u00e1rios prisioneiros. <\/p>\n\n\n\n<p class=\"\">A superlota\u00e7\u00e3o era extrema, sem espa\u00e7o, sem roupa de cama e sem instala\u00e7\u00f5es sanit\u00e1rias. A aus\u00eancia de aquecimento no inverno e a aus\u00eancia de ventila\u00e7\u00e3o no ver\u00e3o ajudaram a espalhar as doen\u00e7as. <\/p>\n\n\n\n<p class=\"\">De p\u00e9 nestes bairros apertados quase se sente o desespero e a exaust\u00e3o dos prisioneiros que tiveram de viver nestas condi\u00e7\u00f5es desumanas.<\/p>\n\n\n<div class=\"wp-block-image\">\n<figure class=\"aligncenter size-large\"><img decoding=\"async\" width=\"1024\" height=\"763\" src=\"https:\/\/auschwitztoursfromwarsaw.com\/wp-content\/uploads\/2024\/10\/Beds-at-Auschwitz-Birkenau-1024x763.jpg\" alt=\"Camas em Auschwitz Birkenau\" class=\"wp-image-2333\" srcset=\"https:\/\/auschwitztoursfromwarsaw.com\/wp-content\/uploads\/2024\/10\/Beds-at-Auschwitz-Birkenau-1024x763.jpg 1024w, https:\/\/auschwitztoursfromwarsaw.com\/wp-content\/uploads\/2024\/10\/Beds-at-Auschwitz-Birkenau-300x224.jpg 300w, https:\/\/auschwitztoursfromwarsaw.com\/wp-content\/uploads\/2024\/10\/Beds-at-Auschwitz-Birkenau-768x572.jpg 768w, https:\/\/auschwitztoursfromwarsaw.com\/wp-content\/uploads\/2024\/10\/Beds-at-Auschwitz-Birkenau.jpg 1500w\" sizes=\"(max-width: 1024px) 100vw, 1024px\" \/><\/figure>\n<\/div>\n\n\n<h3 class=\"wp-block-heading has-text-align-center\">Auschwitz Bloco 10<\/h3>\n\n\n\n<p class=\"\">O bloco 10 \u00e9 onde os <strong><a href=\"https:\/\/encyclopedia.ushmm.org\/content\/pt-br\/article\/nazi-medical-experiments\" target=\"_blank\" data-type=\"link\" data-id=\"https:\/\/encyclopedia.ushmm.org\/content\/pt-br\/article\/nazi-medical-experiments\" rel=\"noreferrer noopener\">m\u00e9dicos nazistas realizaram experimentos m\u00e9dicos em prisioneiros<\/a><\/strong>, principalmente mulheres. Sob o disfarce da ci\u00eancia, os presos eram submetidos a procedimentos brutais e desumanos sem consentimento.<\/p>\n\n\n\n<p class=\"\">Esses experimentos inclu\u00edram esteriliza\u00e7\u00e3o, doen\u00e7as infeciosas e testes de drogas, muitas vezes resultando em ferimentos graves, incapacidade permanente ou morte.<\/p>\n\n\n\n<p class=\"\">As exposi\u00e7\u00f5es no Bloco 10 contam a hist\u00f3ria desses horrores, com testemunhos de sobreviventes e registros hist\u00f3ricos. Uma lembran\u00e7a sombria do abuso da \u00e9tica m\u00e9dica e dos direitos humanos. <\/p>\n\n\n<div data-gyg-href=\"https:\/\/widget.getyourguide.com\/default\/activities.frame\" data-gyg-locale-code=\"pt-PT\" data-gyg-widget=\"activities\" data-gyg-number-of-items=\"4\" data-gyg-partner-id=\"BD1X57Z\" data-gyg-q=\"auschwitz\"><span>Powered by <a target=\"_blank\" rel=\"sponsored noopener\" href=\"https:\/\/www.getyourguide.com\/memorial-and-museum-auschwitz-birkenau-l1069\/\">GetYourGuide<\/a><\/span><\/div>\n<p><!-- GetYourGuide Analytics --><\/p>\n<p><script async defer src=\"https:\/\/widget.getyourguide.com\/dist\/pa.umd.production.min.js\" data-gyg-partner-id=\"BD1X57Z\"><\/script><\/p>\n\n\n<div class=\"wp-block-image\">\n<figure class=\"aligncenter size-large\"><img decoding=\"async\" width=\"1024\" height=\"683\" src=\"https:\/\/auschwitztoursfromwarsaw.com\/wp-content\/uploads\/2024\/10\/visiting-Auschwitz-from-Warsaw-1024x683.jpg\" alt=\"visitando Auschwitz de Vars\u00f3via\" class=\"wp-image-2313\" srcset=\"https:\/\/auschwitztoursfromwarsaw.com\/wp-content\/uploads\/2024\/10\/visiting-Auschwitz-from-Warsaw-1024x683.jpg 1024w, https:\/\/auschwitztoursfromwarsaw.com\/wp-content\/uploads\/2024\/10\/visiting-Auschwitz-from-Warsaw-300x200.jpg 300w, https:\/\/auschwitztoursfromwarsaw.com\/wp-content\/uploads\/2024\/10\/visiting-Auschwitz-from-Warsaw-768x512.jpg 768w, https:\/\/auschwitztoursfromwarsaw.com\/wp-content\/uploads\/2024\/10\/visiting-Auschwitz-from-Warsaw.jpg 1500w\" sizes=\"(max-width: 1024px) 100vw, 1024px\" \/><\/figure>\n<\/div>\n\n\n<h3 class=\"wp-block-heading has-text-align-center\">Auschwitz Bloco 11<\/h3>\n\n\n\n<p class=\"\">O &#8220;Bloco da Morte&#8221;. Dentro do campo, dentro do campo. Onde foram detidos presos acusados de resist\u00eancia, sabotagem ou outros crimes.  <\/p>\n\n\n\n<p class=\"\">O por\u00e3o tinha c\u00e2maras de tortura e celas de puni\u00e7\u00e3o, incluindo celas em p\u00e9 onde os prisioneiros eram for\u00e7ados a ficar em espa\u00e7os min\u00fasculos, incapazes de se sentar ou descansar. Celas de fome onde os reclusos eram privados de comida e \u00e1gua. <\/p>\n\n\n\n<p class=\"\">Muitos foram executados neste quarteir\u00e3o ou no p\u00e1tio exterior. O bloco 11 mostra os extremos a que as autoridades do campo foram para incutir medo e esmagar qualquer dissid\u00eancia entre os prisioneiros. <\/p>\n\n\n<div class=\"wp-block-image\">\n<figure class=\"aligncenter size-large\"><img decoding=\"async\" width=\"1024\" height=\"683\" src=\"https:\/\/auschwitztoursfromwarsaw.com\/wp-content\/uploads\/2024\/10\/Visiting-Auschwitz-1024x683.jpg\" alt=\"Visitar Auschwitz\" class=\"wp-image-2324\" srcset=\"https:\/\/auschwitztoursfromwarsaw.com\/wp-content\/uploads\/2024\/10\/Visiting-Auschwitz-1024x683.jpg 1024w, https:\/\/auschwitztoursfromwarsaw.com\/wp-content\/uploads\/2024\/10\/Visiting-Auschwitz-300x200.jpg 300w, https:\/\/auschwitztoursfromwarsaw.com\/wp-content\/uploads\/2024\/10\/Visiting-Auschwitz-768x512.jpg 768w, https:\/\/auschwitztoursfromwarsaw.com\/wp-content\/uploads\/2024\/10\/Visiting-Auschwitz.jpg 1500w\" sizes=\"(max-width: 1024px) 100vw, 1024px\" \/><\/figure>\n<\/div>\n\n\n<h3 class=\"wp-block-heading has-text-align-center\">Auschwitz Bloco 25<\/h3>\n\n\n\n<p class=\"\">Conhecido como o &#8220;Bloco da Morte&#8221; para as mulheres, o Bloco 25 era onde as mulheres eram mantidas antes de serem enviadas para as c\u00e2maras de g\u00e1s. As condi\u00e7\u00f5es neste bloco eram horr\u00edveis, superlota\u00e7\u00e3o e sem necessidades b\u00e1sicas. <\/p>\n\n\n\n<p class=\"\">As mulheres ficaram muitas vezes sem comida, \u00e1gua ou saneamento durante dias. A tortura mental era extrema, pois as mulheres sabiam o que as esperava. <\/p>\n\n\n\n<p class=\"\">O bloco 25 \u00e9 um lembrete gritante do sofrimento espec\u00edfico de g\u00eanero no campo e da efici\u00eancia do processo de exterm\u00ednio.<\/p>\n\n\n<div class=\"wp-block-image\">\n<figure class=\"aligncenter size-large\"><img decoding=\"async\" width=\"1024\" height=\"683\" src=\"https:\/\/auschwitztoursfromwarsaw.com\/wp-content\/uploads\/2024\/10\/Barracks-at-Auschwitz-on-a-sunny-day-1024x683.jpg\" alt=\"Quartel em Auschwitz em um dia ensolarado\" class=\"wp-image-2434\" srcset=\"https:\/\/auschwitztoursfromwarsaw.com\/wp-content\/uploads\/2024\/10\/Barracks-at-Auschwitz-on-a-sunny-day-1024x683.jpg 1024w, https:\/\/auschwitztoursfromwarsaw.com\/wp-content\/uploads\/2024\/10\/Barracks-at-Auschwitz-on-a-sunny-day-300x200.jpg 300w, https:\/\/auschwitztoursfromwarsaw.com\/wp-content\/uploads\/2024\/10\/Barracks-at-Auschwitz-on-a-sunny-day-768x512.jpg 768w, https:\/\/auschwitztoursfromwarsaw.com\/wp-content\/uploads\/2024\/10\/Barracks-at-Auschwitz-on-a-sunny-day.jpg 1500w\" sizes=\"(max-width: 1024px) 100vw, 1024px\" \/><\/figure>\n<\/div>\n\n\n<h3 class=\"wp-block-heading has-text-align-center\">Bloco da Morte<\/h3>\n\n\n\n<p class=\"\">O termo &#8220;Bloco da Morte&#8221; resume os Blocos 11 e 25, ambos lugares de imenso sofrimento e morte. Estes blocos faziam parte do sistema de puni\u00e7\u00e3o e exterm\u00ednio do campo. <\/p>\n\n\n\n<p class=\"\">O sil\u00eancio no interior \u00e9 estranho em compara\u00e7\u00e3o com os gritos que um dia encheram o ar. As exposi\u00e7\u00f5es no Bloco da Morte incluem hist\u00f3rias pessoais, objetos e reconstru\u00e7\u00f5es que mostram a realidade brutal daqueles que foram mantidos aqui. <\/p>\n\n\n\n<p class=\"\">Visitar o Bloco da Morte \u00e9 uma experi\u00eancia poderosa, fazendo voc\u00ea pensar sobre a crueldade do homem e a for\u00e7a daqueles que sobreviveram a ele.<\/p>\n\n\n<div class=\"wp-block-image\">\n<figure class=\"aligncenter size-large is-resized\"><img decoding=\"async\" width=\"683\" height=\"1024\" src=\"https:\/\/auschwitztoursfromwarsaw.com\/wp-content\/uploads\/2024\/10\/tours-to-Auschwitz-from-Warsaw-683x1024.jpg\" alt=\"excurs\u00f5es para Auschwitz saindo de Vars\u00f3via\" class=\"wp-image-2307\" style=\"width:377px;height:auto\" srcset=\"https:\/\/auschwitztoursfromwarsaw.com\/wp-content\/uploads\/2024\/10\/tours-to-Auschwitz-from-Warsaw-683x1024.jpg 683w, https:\/\/auschwitztoursfromwarsaw.com\/wp-content\/uploads\/2024\/10\/tours-to-Auschwitz-from-Warsaw-200x300.jpg 200w, https:\/\/auschwitztoursfromwarsaw.com\/wp-content\/uploads\/2024\/10\/tours-to-Auschwitz-from-Warsaw-768x1152.jpg 768w, https:\/\/auschwitztoursfromwarsaw.com\/wp-content\/uploads\/2024\/10\/tours-to-Auschwitz-from-Warsaw.jpg 1000w\" sizes=\"(max-width: 683px) 100vw, 683px\" \/><\/figure>\n<\/div>\n\n\n<h3 class=\"wp-block-heading has-text-align-center\">Muro da Morte<\/h3>\n\n\n\n<p class=\"\">Localizado entre os blocos 10 e 11, o Muro da Morte foi o local de execu\u00e7\u00e3o onde milhares de prisioneiros foram baleados. A parede \u00e9 uma reconstru\u00e7\u00e3o, coberta com um material absorvente escuro para abafar o som dos tiros. <\/p>\n\n\n\n<p class=\"\">Muitas vezes voc\u00ea deixa flores, velas e coroas de flores aqui como uma homenagem \u00e0s v\u00edtimas. Estar em frente ao Muro da Morte \u00e9 uma experi\u00eancia muito comovente.   <\/p>\n\n\n\n<p class=\"\">a \u00e1rea circundante inclui a forca e postos onde os prisioneiros foram enforcados publicamente, para intimidar e mostrar o poder do campo.<\/p>\n\n\n<div class=\"wp-block-image\">\n<figure class=\"aligncenter size-large\"><img decoding=\"async\" width=\"1024\" height=\"683\" src=\"https:\/\/auschwitztoursfromwarsaw.com\/wp-content\/uploads\/2024\/10\/day-trips-to-Auschwitz-from-Warsaw-1024x683.jpg\" alt=\"Viagens de um dia para Auschwitz saindo de Vars\u00f3via\" class=\"wp-image-2319\" srcset=\"https:\/\/auschwitztoursfromwarsaw.com\/wp-content\/uploads\/2024\/10\/day-trips-to-Auschwitz-from-Warsaw-1024x683.jpg 1024w, https:\/\/auschwitztoursfromwarsaw.com\/wp-content\/uploads\/2024\/10\/day-trips-to-Auschwitz-from-Warsaw-300x200.jpg 300w, https:\/\/auschwitztoursfromwarsaw.com\/wp-content\/uploads\/2024\/10\/day-trips-to-Auschwitz-from-Warsaw-768x512.jpg 768w, https:\/\/auschwitztoursfromwarsaw.com\/wp-content\/uploads\/2024\/10\/day-trips-to-Auschwitz-from-Warsaw.jpg 1500w\" sizes=\"(max-width: 1024px) 100vw, 1024px\" \/><\/figure>\n<\/div>\n\n\n<h3 class=\"wp-block-heading has-text-align-center\">C\u00e2mara de G\u00e1s I<\/h3>\n\n\n\n<p class=\"\">A C\u00e2mara de G\u00e1s I \u00e9 uma das poucas c\u00e2maras de g\u00e1s abertas aos visitantes em Auschwitz I. Originalmente um bunker de muni\u00e7\u00f5es, foi convertido em uma c\u00e2mara de g\u00e1s e cremat\u00f3rio.<\/p>\n\n\n\n<p class=\"\">O interior est\u00e1 nu e sem adornos, as paredes de bet\u00e3o um testemunho silencioso do que aqui aconteceu. O cremat\u00f3rio adjacente tem os fornos onde os corpos foram queimados. <\/p>\n\n\n\n<p class=\"\">Visitar a C\u00e2mara de G\u00e1s I \u00e9 uma lembran\u00e7a brutal do campo como um local de assassinato em massa. \u00c9 solene e brutal, e voc\u00ea pode ver a escala industrial do genoc\u00eddio. <\/p>\n\n\n<div class=\"wp-block-image\">\n<figure class=\"aligncenter size-large\"><img decoding=\"async\" width=\"1024\" height=\"683\" src=\"https:\/\/auschwitztoursfromwarsaw.com\/wp-content\/uploads\/2024\/10\/day-trips-to-Auschwitz-from-Warsaw-Poland-1024x683.jpg\" alt=\"Viagens de um dia para Auschwitz saindo de Vars\u00f3via Pol\u00f4nia\" class=\"wp-image-2320\" srcset=\"https:\/\/auschwitztoursfromwarsaw.com\/wp-content\/uploads\/2024\/10\/day-trips-to-Auschwitz-from-Warsaw-Poland-1024x683.jpg 1024w, https:\/\/auschwitztoursfromwarsaw.com\/wp-content\/uploads\/2024\/10\/day-trips-to-Auschwitz-from-Warsaw-Poland-300x200.jpg 300w, https:\/\/auschwitztoursfromwarsaw.com\/wp-content\/uploads\/2024\/10\/day-trips-to-Auschwitz-from-Warsaw-Poland-768x512.jpg 768w, https:\/\/auschwitztoursfromwarsaw.com\/wp-content\/uploads\/2024\/10\/day-trips-to-Auschwitz-from-Warsaw-Poland.jpg 1500w\" sizes=\"(max-width: 1024px) 100vw, 1024px\" \/><\/figure>\n<\/div>\n\n\n<h3 class=\"wp-block-heading has-text-align-center\">Banhos do acampamento central<\/h3>\n\n\n\n<p class=\"\">O Central Camp Baths, tamb\u00e9m conhecido como a &#8220;Sauna&#8221;, fica em Auschwitz II-Birkenau. Era aqui que os rec\u00e9m-chegados eram processados. Os prisioneiros foram despojados de suas roupas, raspados, desinfetados e receberam uniformes do campo. Era desumanizante, visava apagar a individualidade.   <\/p>\n\n\n\n<p class=\"\">O edif\u00edcio agora abriga exposi\u00e7\u00f5es com fotos tiradas pelas SS, documentos e hist\u00f3rias pessoais.<\/p>\n\n\n\n<p class=\"\">As exposi\u00e7\u00f5es mostram o trauma psicol\u00f3gico desta fase inicial de encarceramento e como a degrada\u00e7\u00e3o sistem\u00e1tica fez parte do sistema opressor do campo.<\/p>\n\n\n<div class=\"wp-block-image\">\n<figure class=\"aligncenter size-large\"><img decoding=\"async\" width=\"1024\" height=\"683\" src=\"https:\/\/auschwitztoursfromwarsaw.com\/wp-content\/uploads\/2024\/10\/best-Auschwitz-tours-from-Warsaw-1-1024x683.jpg\" alt=\"melhores excurs\u00f5es a Auschwitz saindo de Vars\u00f3via\" class=\"wp-image-2327\" srcset=\"https:\/\/auschwitztoursfromwarsaw.com\/wp-content\/uploads\/2024\/10\/best-Auschwitz-tours-from-Warsaw-1-1024x683.jpg 1024w, https:\/\/auschwitztoursfromwarsaw.com\/wp-content\/uploads\/2024\/10\/best-Auschwitz-tours-from-Warsaw-1-300x200.jpg 300w, https:\/\/auschwitztoursfromwarsaw.com\/wp-content\/uploads\/2024\/10\/best-Auschwitz-tours-from-Warsaw-1-768x512.jpg 768w, https:\/\/auschwitztoursfromwarsaw.com\/wp-content\/uploads\/2024\/10\/best-Auschwitz-tours-from-Warsaw-1.jpg 1500w\" sizes=\"(max-width: 1024px) 100vw, 1024px\" \/><\/figure>\n<\/div>\n\n\n<h3 class=\"wp-block-heading has-text-align-center\">Sapatos em Auschwitz<\/h3>\n\n\n\n<p class=\"\">Uma das exposi\u00e7\u00f5es mais comoventes \u00e9 a enorme cole\u00e7\u00e3o de sapatos retirados dos prisioneiros. Milhares de sapatos de todos os tamanhos e formas est\u00e3o empilhados atr\u00e1s de caixas de vidro. <\/p>\n\n\n\n<p class=\"\">Os sapatos de crian\u00e7a s\u00e3o especialmente dolorosos. Cada par conta uma hist\u00f3ria \u2013 da pessoa que os usou, da sua viagem e do seu destino. <\/p>\n\n\n\n<p class=\"\">A quantidade de sapatos \u00e9 uma representa\u00e7\u00e3o visual do n\u00famero de v\u00edtimas. Esta exposi\u00e7\u00e3o mostra o custo humano do Holocausto e personaliza a trag\u00e9dia a n\u00edvel individual. <\/p>\n\n\n<div class=\"wp-block-image\">\n<figure class=\"aligncenter size-large\"><img decoding=\"async\" width=\"1024\" height=\"683\" src=\"https:\/\/auschwitztoursfromwarsaw.com\/wp-content\/uploads\/2024\/10\/Shoes-at-Auschwitz-1024x683.jpg\" alt=\"\" class=\"wp-image-2496\" srcset=\"https:\/\/auschwitztoursfromwarsaw.com\/wp-content\/uploads\/2024\/10\/Shoes-at-Auschwitz-1024x683.jpg 1024w, https:\/\/auschwitztoursfromwarsaw.com\/wp-content\/uploads\/2024\/10\/Shoes-at-Auschwitz-300x200.jpg 300w, https:\/\/auschwitztoursfromwarsaw.com\/wp-content\/uploads\/2024\/10\/Shoes-at-Auschwitz-768x512.jpg 768w, https:\/\/auschwitztoursfromwarsaw.com\/wp-content\/uploads\/2024\/10\/Shoes-at-Auschwitz.jpg 1500w\" sizes=\"(max-width: 1024px) 100vw, 1024px\" \/><\/figure>\n<\/div>\n\n\n<h3 class=\"wp-block-heading has-text-align-center\">Sala de Cabeleireiro<\/h3>\n\n\n\n<p class=\"\">O mais perturbador \u00e9 o cabelo. Expulsos dos prisioneiros assim que eles chegaram. Mais de 2 toneladas foram encontradas nos armaz\u00e9ns ap\u00f3s a liberta\u00e7\u00e3o do campo. O cabelo seria usado para a produ\u00e7\u00e3o t\u00eaxtil e outras ind\u00fastrias.   <\/p>\n\n\n\n<p class=\"\">Os nazis usaram todas as partes das suas v\u00edtimas. O cabelo est\u00e1 atr\u00e1s do vidro. \u00c9 arrepiante. Mostra a desumaniza\u00e7\u00e3o e a mercantiliza\u00e7\u00e3o do corpo humano. Este vai ficar com voc\u00ea.    <\/p>\n\n\n<div class=\"wp-block-image\">\n<figure class=\"aligncenter size-large\"><img decoding=\"async\" width=\"1024\" height=\"683\" src=\"https:\/\/auschwitztoursfromwarsaw.com\/wp-content\/uploads\/2024\/10\/Uniforms-at-Auschwitz-Birkenau-1024x683.jpg\" alt=\"Uniformes em Auschwitz Birkenau\" class=\"wp-image-2332\" srcset=\"https:\/\/auschwitztoursfromwarsaw.com\/wp-content\/uploads\/2024\/10\/Uniforms-at-Auschwitz-Birkenau-1024x683.jpg 1024w, https:\/\/auschwitztoursfromwarsaw.com\/wp-content\/uploads\/2024\/10\/Uniforms-at-Auschwitz-Birkenau-300x200.jpg 300w, https:\/\/auschwitztoursfromwarsaw.com\/wp-content\/uploads\/2024\/10\/Uniforms-at-Auschwitz-Birkenau-768x513.jpg 768w, https:\/\/auschwitztoursfromwarsaw.com\/wp-content\/uploads\/2024\/10\/Uniforms-at-Auschwitz-Birkenau.jpg 1500w\" sizes=\"(max-width: 1024px) 100vw, 1024px\" \/><\/figure>\n<\/div>\n\n\n<h3 class=\"wp-block-heading has-text-align-center\">Trilhos de Comboio<\/h3>\n\n\n\n<p class=\"\">Os trilhos da ferrovia para Auschwitz II-Birkenau s\u00e3o a parte mais famosa do local. Os trilhos param no acampamento. O fim da linha para centenas de milhares de deportados.  <\/p>\n\n\n\n<p class=\"\">O &#8220;Port\u00e3o da Morte&#8221; por onde os trens passaram \u00e9 um fato arquitet\u00f4nico brutal do prop\u00f3sito do acampamento. De p\u00e9 nos trilhos voc\u00ea pode imaginar os carros de gado superlotados que levaram homens, mulheres e crian\u00e7as \u00e0 morte. <\/p>\n\n\n\n<p class=\"\">O tamanho da rede ferrovi\u00e1ria mostra o planejamento e a log\u00edstica por tr\u00e1s das deporta\u00e7\u00f5es e exterm\u00ednios em massa.<\/p>\n\n\n<div class=\"wp-block-image\">\n<figure class=\"aligncenter size-large\"><img decoding=\"async\" width=\"1024\" height=\"685\" src=\"https:\/\/auschwitztoursfromwarsaw.com\/wp-content\/uploads\/2024\/10\/Train-arrival-at-Auschwitz-1024x685.jpg\" alt=\"Chegada de trem a Auschwitz excurs\u00f5es de Vars\u00f3via\" class=\"wp-image-2329\" srcset=\"https:\/\/auschwitztoursfromwarsaw.com\/wp-content\/uploads\/2024\/10\/Train-arrival-at-Auschwitz-1024x685.jpg 1024w, https:\/\/auschwitztoursfromwarsaw.com\/wp-content\/uploads\/2024\/10\/Train-arrival-at-Auschwitz-300x201.jpg 300w, https:\/\/auschwitztoursfromwarsaw.com\/wp-content\/uploads\/2024\/10\/Train-arrival-at-Auschwitz-768x514.jpg 768w, https:\/\/auschwitztoursfromwarsaw.com\/wp-content\/uploads\/2024\/10\/Train-arrival-at-Auschwitz.jpg 1500w\" sizes=\"(max-width: 1024px) 100vw, 1024px\" \/><\/figure>\n<\/div>\n\n\n<h2 class=\"wp-block-heading has-text-align-center\">Como visitar os campos de concentra\u00e7\u00e3o de Auschwitz-Birkenau?<\/h2>\n\n\n\n<p class=\"\">Voc\u00ea pode visitar Auschwitz-Birkenau atrav\u00e9s de excurs\u00f5es organizadas ou por conta pr\u00f3pria. Muitos visitantes participam <strong><a href=\"https:\/\/auschwitztoursfromwarsaw.com\/pt-pt\/melhores-viagens-para-auschwitz-birkenau\/\" target=\"_blank\" data-type=\"link\" data-id=\"https:\/\/auschwitztoursfromwarsaw.com\/pt-pt\/melhores-viagens-para-auschwitz-birkenau\/\" rel=\"noreferrer noopener\">de visitas guiadas de Crac\u00f3via ou Vars\u00f3via<\/a><\/strong> , que incluem transporte, entrada e um guia. Esta \u00e9 a melhor maneira de visitar Auschwitz.<\/p>\n\n\n\n<p class=\"\">Estes passeios fornecem contexto e hist\u00f3ria valiosos. Recomenda-se reservar com anteced\u00eancia, especialmente durante a alta temporada, pois o n\u00famero de visitantes \u00e9 limitado para proteger o site. <\/p>\n\n\n\n<p class=\"\">Se voc\u00ea estiver viajando por conta pr\u00f3pria, voc\u00ea pode reservar atrav\u00e9s do site do museu e guias de \u00e1udio est\u00e3o dispon\u00edveis em v\u00e1rios idiomas.<\/p>\n\n\n<div class=\"wp-block-image\">\n<figure class=\"aligncenter size-large\"><img decoding=\"async\" width=\"1024\" height=\"683\" src=\"https:\/\/auschwitztoursfromwarsaw.com\/wp-content\/uploads\/2024\/10\/Tourists-with-a-guide-in-Auschwitz-Birkenau-1024x683.jpg\" alt=\"Turistas com guia em Auschwitz Birkenau\" class=\"wp-image-2412\" srcset=\"https:\/\/auschwitztoursfromwarsaw.com\/wp-content\/uploads\/2024\/10\/Tourists-with-a-guide-in-Auschwitz-Birkenau-1024x683.jpg 1024w, https:\/\/auschwitztoursfromwarsaw.com\/wp-content\/uploads\/2024\/10\/Tourists-with-a-guide-in-Auschwitz-Birkenau-300x200.jpg 300w, https:\/\/auschwitztoursfromwarsaw.com\/wp-content\/uploads\/2024\/10\/Tourists-with-a-guide-in-Auschwitz-Birkenau-768x512.jpg 768w, https:\/\/auschwitztoursfromwarsaw.com\/wp-content\/uploads\/2024\/10\/Tourists-with-a-guide-in-Auschwitz-Birkenau.jpg 1500w\" sizes=\"(max-width: 1024px) 100vw, 1024px\" \/><\/figure>\n<\/div>\n\n\n<h2 class=\"wp-block-heading has-text-align-center\">Auschwitz Birkenau Informa\u00e7\u00e3o ao Visitante<\/h2>\n\n\n\n<p class=\"\">Aqui est\u00e3o algumas dicas que voc\u00ea deve lembrar ao visitar Auschwitz. Observe que, embora n\u00e3o haja <strong><a href=\"https:\/\/auschwitztoursfromwarsaw.com\/pt-pt\/auschwitz-codigo-de-vestimenta\/\" target=\"_blank\" data-type=\"link\" data-id=\"https:\/\/auschwitztoursfromwarsaw.com\/pt-pt\/auschwitz-codigo-de-vestimenta\/\" rel=\"noreferrer noopener\">um c\u00f3digo de vestimenta oficial para Auschwitz<\/a><\/strong>, \u00e9 importante usar roupas modestas para respeitar as v\u00edtimas e o local.<\/p>\n\n\n\n<ul class=\"wp-block-list\">\n<li class=\"\"><strong>Reserve com anteced\u00eancia<\/strong>: compre bilhetes online antes de partir.<\/li>\n\n\n\n<li class=\"\"><strong>Vestido Modesto<\/strong>: vista-se de acordo com o site.<\/li>\n\n\n\n<li class=\"\"><strong>Fotografia<\/strong>: permitido na maioria das \u00e1reas, mas sem flash ou onde proibido.<\/li>\n\n\n\n<li class=\"\"><strong>Comportamento<\/strong>: silencioso ou sussurrante; n\u00e3o comer, beber ou m\u00f3biles nas \u00e1reas de exposi\u00e7\u00e3o.<\/li>\n\n\n\n<li class=\"\"><strong>Acessibilidade<\/strong>: algumas \u00e1reas do acampamento s\u00e3o irregulares; Use sapatos confort\u00e1veis e esteja atento aos problemas de mobilidade.<\/li>\n\n\n\n<li class=\"\"><strong>Recomenda\u00e7\u00e3o de idade<\/strong>: devido ao conte\u00fado gr\u00e1fico, os visitantes devem ter pelo menos 14 anos de idade.<\/li>\n\n\n\n<li class=\"\"><strong>Visitas guiadas<\/strong>: aproveite melhor com um guia.<\/li>\n\n\n\n<li class=\"\"><strong>Clima<\/strong>: o local \u00e9 enorme e principalmente do lado de fora; Vista-se em conformidade.<\/li>\n\n\n\n<li class=\"\"><strong>Tempo<\/strong>: planeie passar pelo menos 3-4 horas para ver Auschwitz I e Auschwitz II-Birkenau.<\/li>\n\n\n\n<li class=\"\"><strong>Instala\u00e7\u00f5es<\/strong>: banheiros e comodidades b\u00e1sicas perto da entrada; limitado dentro do campo.<\/li>\n<\/ul>\n\n\n\n<h2 class=\"wp-block-heading has-text-align-center\">FAQ Sobre Auschwitz<\/h2>\n\n\n\n<h3 class=\"wp-block-heading has-text-align-center\">Voc\u00ea pode entrar em Auschwitz Birkenau?<\/h3>\n\n\n\n<p class=\"\">Sim, o Memorial e Museu de Auschwitz-Birkenau est\u00e1 aberto ao p\u00fablico. Voc\u00ea pode facilmente <strong><a href=\"https:\/\/auschwitztoursfromwarsaw.com\/pt-pt\/ir-de-cracovia-a-auschwitz\/\" target=\"_blank\" data-type=\"link\" data-id=\"https:\/\/auschwitztoursfromwarsaw.com\/pt-pt\/ir-de-cracovia-a-auschwitz\/\" rel=\"noreferrer noopener\">chegar a Auschwitz de Crac\u00f3via<\/a><\/strong> ou <strong><a href=\"https:\/\/auschwitztoursfromwarsaw.com\/pt-pt\/ir-de-varsovia-a-auschwitz\/\" target=\"_blank\" data-type=\"link\" data-id=\"https:\/\/auschwitztoursfromwarsaw.com\/pt-pt\/ir-de-varsovia-a-auschwitz\/\" rel=\"noreferrer noopener\">viajar de Vars\u00f3via para Auschwitz<\/a><\/strong>. Voc\u00ea pode entrar no campo, no quartel e em alguns dos edif\u00edcios, incluindo algumas das c\u00e2maras de g\u00e1s e cremat\u00f3rios.<\/p>\n\n\n\n<p class=\"\">O acesso a determinadas \u00e1reas pode ser restrito para preservar o local e respeitar a sua hist\u00f3ria.<\/p>\n\n\n\n<h3 class=\"wp-block-heading has-text-align-center\">Qual \u00e9 o tamanho do Campo de Concentra\u00e7\u00e3o de Auschwitz?<\/h3>\n\n\n\n<p class=\"\">O complexo de Auschwitz tem 191 hectares (472 hectares). Auschwitz I tem 20 hectares e Auschwitz II-Birkenau 171 hectares. O local inclui quart\u00e9is, escrit\u00f3rios, torres de vigia e terrenos onde estavam os prisioneiros e instala\u00e7\u00f5es.  <\/p>\n\n\n\n<h3 class=\"wp-block-heading has-text-align-center\">Posso fazer um tour dentro de Auschwitz Birkenau?<\/h3>\n\n\n\n<p class=\"\">Sim. <strong><a href=\"https:\/\/auschwitztoursfromwarsaw.com\/pt-pt\/\" target=\"_blank\" rel=\"noreferrer noopener\">Visitas guiadas de Vars\u00f3via a Auschwitz<\/a><\/strong> est\u00e3o dispon\u00edveis e s\u00e3o altamente recomendadas. Eles fornecem muito contexto hist\u00f3rico e perce\u00e7\u00e3o. Os passeios s\u00e3o em v\u00e1rios idiomas e permitem que voc\u00ea aprenda tudo sobre o complexo e sua hist\u00f3ria sombria.   <\/p>\n\n\n\n<h3 class=\"wp-block-heading has-text-align-center\">As crian\u00e7as podem visitar Auschwitz-Birkenau?<\/h3>\n\n\n\n<p class=\"\">Crian\u00e7as s\u00e3o permitidas, mas devem ter pelo menos 14 anos de idade. O conte\u00fado e as exposi\u00e7\u00f5es s\u00e3o muito gr\u00e1ficos e emocionalmente pesados, por isso n\u00e3o s\u00e3o adequados para crian\u00e7as mais novas. Como pai, por favor, considere a maturidade de seus filhos antes de visitar.  <\/p>\n\n\n\n<h3 class=\"wp-block-heading has-text-align-center\">Auschwitz \u00e9 acess\u00edvel a cadeiras de rodas?<\/h3>\n\n\n\n<p class=\"\">Auschwitz I tem alguns acessos para cadeiras de rodas, incluindo algumas exposi\u00e7\u00f5es e caminhos principais. Auschwitz II-Birkenau tem um terreno irregular e pode ser dif\u00edcil de visitar. Entre em contato com o museu ou seu guia tur\u00edstico com anteced\u00eancia para providenciar assist\u00eancia.  <\/p>\n\n\n\n<h3 class=\"wp-block-heading has-text-align-center\">Precisa de um bilhete para visitar Auschwitz Birkenau?<\/h3>\n\n\n\n<p class=\"\">A entrada no Memorial e Museu de Auschwitz-Birkenau \u00e9 gratuita, mas \u00e9 necess\u00e1ria reserva devido ao n\u00famero limitado de visitantes.<\/p>\n\n\n\n<p class=\"\">H\u00e1 uma taxa para visitas guiadas que s\u00e3o mais aprofundadas e altamente recomendadas. \u00c9 altamente recomend\u00e1vel reservar com anteced\u00eancia atrav\u00e9s do site. <\/p>\n\n\n\n<h3 class=\"wp-block-heading has-text-align-center\">Posso tirar fotos dentro de Auschwitz Birkenau?<\/h3>\n\n\n\n<p class=\"\">A fotografia \u00e9 permitida em \u00e1reas ao ar livre e na maioria das exposi\u00e7\u00f5es internas, mas sem flash e sem trip\u00e9s. Algumas exposi\u00e7\u00f5es t\u00eam restri\u00e7\u00f5es (restos humanos, artefactos sens\u00edveis) por isso verifique sempre os sinais e respeite as orienta\u00e7\u00f5es dadas pelos funcion\u00e1rios do museu. <\/p>\n\n\n\n<p class=\"\">Al\u00e9m disso, respeite o site e entenda que fotos e selfies divertidas n\u00e3o s\u00e3o recomendadas.<\/p>\n\n\n\n<h3 class=\"wp-block-heading has-text-align-center\">Vale a pena visitar Auschwitz?<\/h3>\n\n\n\n<p class=\"\">Sim, <strong><a href=\"https:\/\/auschwitztoursfromwarsaw.com\/pt-pt\/razoes-para-visitar-auschwitz\/\" target=\"_blank\" data-type=\"link\" data-id=\"https:\/\/auschwitztoursfromwarsaw.com\/pt-pt\/razoes-para-visitar-auschwitz\/\" rel=\"noreferrer noopener\">vale a pena visitar Auschwitz<\/a><\/strong>. \u00c9 uma experi\u00eancia muito comovente e educativa. Voc\u00ea vai aprender muito sobre o Holocausto e ver as consequ\u00eancias do \u00f3dio e da intoler\u00e2ncia. \u00c9 emocional, mas muitos acham muito impactante e vai fazer voc\u00ea querer lembrar e prevenir futuros genoc\u00eddios.<\/p>\n","protected":false},"excerpt":{"rendered":"<p>Auschwitz-Birkenau \u00e9 um dos momentos mais sombrios da hist\u00f3ria da humanidade. Localizado perto da pacata cidade de O\u015bwi\u0119cim, na Pol\u00f3nia, este antigo campo de concentra\u00e7\u00e3o e exterm\u00ednio \u00e9 um dos piores lugares do mundo. No entanto, est\u00e1 aberto ao turismo hoje. Mas Auschwitz n\u00e3o \u00e9 um lugar f\u00e1cil de visitar. Longe disso. Atravessar os port\u00f5es&#8230;<\/p>\n","protected":false},"author":1,"featured_media":2621,"comment_status":"closed","ping_status":"closed","sticky":false,"template":"","format":"standard","meta":{"nf_dc_page":"","_kadence_starter_templates_imported_post":false,"_kad_post_transparent":"","_kad_post_title":"","_kad_post_layout":"","_kad_post_sidebar_id":"","_kad_post_content_style":"","_kad_post_vertical_padding":"","_kad_post_feature":"","_kad_post_feature_position":"","_kad_post_header":false,"_kad_post_footer":false,"_kad_post_classname":"","footnotes":""},"categories":[226],"tags":[],"class_list":["post-3334","post","type-post","status-publish","format-standard","has-post-thumbnail","hentry","category-visitar-auschwitz"],"_links":{"self":[{"href":"https:\/\/auschwitztoursfromwarsaw.com\/pt-pt\/wp-json\/wp\/v2\/posts\/3334","targetHints":{"allow":["GET"]}}],"collection":[{"href":"https:\/\/auschwitztoursfromwarsaw.com\/pt-pt\/wp-json\/wp\/v2\/posts"}],"about":[{"href":"https:\/\/auschwitztoursfromwarsaw.com\/pt-pt\/wp-json\/wp\/v2\/types\/post"}],"author":[{"embeddable":true,"href":"https:\/\/auschwitztoursfromwarsaw.com\/pt-pt\/wp-json\/wp\/v2\/users\/1"}],"replies":[{"embeddable":true,"href":"https:\/\/auschwitztoursfromwarsaw.com\/pt-pt\/wp-json\/wp\/v2\/comments?post=3334"}],"version-history":[{"count":4,"href":"https:\/\/auschwitztoursfromwarsaw.com\/pt-pt\/wp-json\/wp\/v2\/posts\/3334\/revisions"}],"predecessor-version":[{"id":3859,"href":"https:\/\/auschwitztoursfromwarsaw.com\/pt-pt\/wp-json\/wp\/v2\/posts\/3334\/revisions\/3859"}],"wp:featuredmedia":[{"embeddable":true,"href":"https:\/\/auschwitztoursfromwarsaw.com\/pt-pt\/wp-json\/wp\/v2\/media\/2621"}],"wp:attachment":[{"href":"https:\/\/auschwitztoursfromwarsaw.com\/pt-pt\/wp-json\/wp\/v2\/media?parent=3334"}],"wp:term":[{"taxonomy":"category","embeddable":true,"href":"https:\/\/auschwitztoursfromwarsaw.com\/pt-pt\/wp-json\/wp\/v2\/categories?post=3334"},{"taxonomy":"post_tag","embeddable":true,"href":"https:\/\/auschwitztoursfromwarsaw.com\/pt-pt\/wp-json\/wp\/v2\/tags?post=3334"}],"curies":[{"name":"wp","href":"https:\/\/api.w.org\/{rel}","templated":true}]}}