{"id":3336,"date":"2024-10-16T07:04:49","date_gmt":"2024-10-16T07:04:49","guid":{"rendered":"https:\/\/auschwitztoursfromwarsaw.com\/20-melhores-livros-sobre-auschwitz-e-o-holocausto\/"},"modified":"2025-05-13T09:21:45","modified_gmt":"2025-05-13T09:21:45","slug":"melhores-livros-auschwitz-holocausto","status":"publish","type":"post","link":"https:\/\/auschwitztoursfromwarsaw.com\/pt-pt\/melhores-livros-auschwitz-holocausto\/","title":{"rendered":"20 Melhores Livros Sobre Auschwitz e o Holocausto"},"content":{"rendered":"\n<p class=\"\">Temos de compreender um dos momentos mais negros da hist\u00f3ria da humanidade, o Holocausto, para que nunca mais aconte\u00e7a. Os livros sobre Auschwitz s\u00e3o algumas das melhores formas de recordar as v\u00edtimas e evitar repetir os mesmos erros terr\u00edveis. <\/p>\n\n\n\n<p class=\"\">Auschwitz, o mais not\u00f3rio dos campos de exterm\u00ednio nazis, \u00e9 o ep\u00edtome da maldade humana e a for\u00e7a dos que sobreviveram. Ler sobre Auschwitz e o Holocausto n\u00e3o s\u00f3 honra os milh\u00f5es de vidas judaicas perdidas, mas tamb\u00e9m educa as gera\u00e7\u00f5es futuras sobre o custo do \u00f3dio e da intoler\u00e2ncia. <\/p>\n\n\n\n<p class=\"\">Aqui est\u00e3o 20 livros que cobrem hist\u00f3rias pessoais, contexto hist\u00f3rico e o impacto na vida judaica e no mundo.<\/p>\n\n\n\n<figure class=\"wp-block-image size-large\"><img decoding=\"async\" width=\"1024\" height=\"796\" src=\"https:\/\/auschwitztoursfromwarsaw.com\/wp-content\/uploads\/2024\/10\/20-Best-Books-about-Auschwitz-and-the-Holocaust-1024x796.jpg\" alt=\"\" class=\"wp-image-2476\" srcset=\"https:\/\/auschwitztoursfromwarsaw.com\/wp-content\/uploads\/2024\/10\/20-Best-Books-about-Auschwitz-and-the-Holocaust-1024x796.jpg 1024w, https:\/\/auschwitztoursfromwarsaw.com\/wp-content\/uploads\/2024\/10\/20-Best-Books-about-Auschwitz-and-the-Holocaust-300x233.jpg 300w, https:\/\/auschwitztoursfromwarsaw.com\/wp-content\/uploads\/2024\/10\/20-Best-Books-about-Auschwitz-and-the-Holocaust-768x597.jpg 768w, https:\/\/auschwitztoursfromwarsaw.com\/wp-content\/uploads\/2024\/10\/20-Best-Books-about-Auschwitz-and-the-Holocaust.jpg 1500w\" sizes=\"(max-width: 1024px) 100vw, 1024px\" \/><\/figure>\n\n\n\n<h2 class=\"wp-block-heading has-text-align-center\">Por que livros sobre Auschwitz e o Holocausto s\u00e3o importantes<\/h2>\n\n\n\n<p class=\"\">Os livros s\u00e3o uma forma de manter vivas as mem\u00f3rias de Auschwitz e do Holocausto. Esses livros nos d\u00e3o acesso pessoal \u00e0s vidas de v\u00edtimas, sobreviventes e at\u00e9 mesmo perpetradores para que possamos ter uma no\u00e7\u00e3o da escala dos horrores. <\/p>\n\n\n\n<p class=\"\">Abrangem homens, mulheres e crian\u00e7as judeus, n\u00e3o judeus, presos pol\u00edticos e outros que estiveram sob o regime nazi.<\/p>\n\n\n\n<p class=\"\">Ao ler estas hist\u00f3rias, n\u00e3o s\u00f3 honramos aqueles que viveram estes tempos, mas tamb\u00e9m garantimos que as li\u00e7\u00f5es aprendidas s\u00e3o transmitidas \u00e0s gera\u00e7\u00f5es futuras.<\/p>\n\n\n\n<h2 class=\"wp-block-heading has-text-align-center\">20 livros sobre o campo de concentra\u00e7\u00e3o de Auschwitz<\/h2>\n\n\n\n<p class=\"\">Facilitamos a sua tarefa ao categorizar esta sec\u00e7\u00e3o em t\u00f3picos, desde mem\u00f3rias a relatos hist\u00f3ricos e fic\u00e7\u00e3o.<\/p>\n\n\n\n<p class=\"\">Este post \u00e9 principalmente sobre Auschwitz e o Terceiro Reich, ent\u00e3o vamos come\u00e7ar com os sobreviventes, de judeus h\u00fangaros a judeus italianos e seus companheiros de pris\u00e3o que conseguiram passar suas mem\u00f3rias para as gera\u00e7\u00f5es futuras.<\/p>\n\n\n<div data-vi-partner-id=P00037809 data-vi-widget-ref=W-5a0da132-f651-4e63-a29c-3e18f9ddf0b5 ><\/div>\n<p><script async src=\"https:\/\/www.viator.com\/orion\/partner\/widget.js\"><\/script><\/p>\n\n\n\n<figure class=\"wp-block-image size-large\"><img decoding=\"async\" width=\"1024\" height=\"685\" src=\"https:\/\/auschwitztoursfromwarsaw.com\/wp-content\/uploads\/2024\/10\/Entrance-of-Auschwitz-Birkenau-memorial-1024x685.jpg\" alt=\"Entrada do memorial de Auschwitz Birkenau\" class=\"wp-image-2330\" srcset=\"https:\/\/auschwitztoursfromwarsaw.com\/wp-content\/uploads\/2024\/10\/Entrance-of-Auschwitz-Birkenau-memorial-1024x685.jpg 1024w, https:\/\/auschwitztoursfromwarsaw.com\/wp-content\/uploads\/2024\/10\/Entrance-of-Auschwitz-Birkenau-memorial-300x201.jpg 300w, https:\/\/auschwitztoursfromwarsaw.com\/wp-content\/uploads\/2024\/10\/Entrance-of-Auschwitz-Birkenau-memorial-768x514.jpg 768w, https:\/\/auschwitztoursfromwarsaw.com\/wp-content\/uploads\/2024\/10\/Entrance-of-Auschwitz-Birkenau-memorial.jpg 1500w\" sizes=\"(max-width: 1024px) 100vw, 1024px\" \/><\/figure>\n\n\n\n<h3 class=\"wp-block-heading has-text-align-center\">Mem\u00f3rias e Relatos de Sobreviventes<\/h3>\n\n\n\n<h4 class=\"wp-block-heading has-text-align-center\">&#8220;O Di\u00e1rio de uma Mo\u00e7a&#8221;, de Anne Frank<\/h4>\n\n\n\n<p class=\"\">&#8220;O Di\u00e1rio de uma Jovem&#8221;, de Anne Frank, \u00e9 um poderoso relato em primeira m\u00e3o de uma adolescente judia que se escondeu dos nazistas durante a Segunda Guerra Mundial.<\/p>\n\n\n\n<p class=\"\">Escrito entre 1942 e 1944, o di\u00e1rio \u00e9 a vida de Anne no Anexo Secreto \u2013 uma parte escondida de um antigo pr\u00e9dio de escrit\u00f3rios em Amsterd\u00e3, onde ela, sua fam\u00edlia e outros viviam com medo constante de serem descobertas. Atrav\u00e9s de sua perspetiva, Anne explora a identidade, a adolesc\u00eancia e os horrores fora de seu lugar. <\/p>\n\n\n\n<p class=\"\">Os seus escritos ajudam-nos a compreender o quotidiano sob opress\u00e3o e a for\u00e7a do esp\u00edrito humano. O di\u00e1rio \u00e9 um cl\u00e1ssico do Holocausto e uma leitura obrigat\u00f3ria para entender um dos momentos mais sombrios da hist\u00f3ria da humanidade. <\/p>\n\n\n<div class=\"wp-block-image\">\n<figure class=\"aligncenter size-medium\"><img decoding=\"async\" width=\"300\" height=\"225\" src=\"https:\/\/auschwitztoursfromwarsaw.com\/wp-content\/uploads\/2024\/10\/Original-Anne-Frank-Diary-300x225.jpg\" alt=\"\" class=\"wp-image-2488\" srcset=\"https:\/\/auschwitztoursfromwarsaw.com\/wp-content\/uploads\/2024\/10\/Original-Anne-Frank-Diary-300x225.jpg 300w, https:\/\/auschwitztoursfromwarsaw.com\/wp-content\/uploads\/2024\/10\/Original-Anne-Frank-Diary-1024x768.jpg 1024w, https:\/\/auschwitztoursfromwarsaw.com\/wp-content\/uploads\/2024\/10\/Original-Anne-Frank-Diary-768x576.jpg 768w, https:\/\/auschwitztoursfromwarsaw.com\/wp-content\/uploads\/2024\/10\/Original-Anne-Frank-Diary.jpg 1500w\" sizes=\"(max-width: 300px) 100vw, 300px\" \/><figcaption class=\"wp-element-caption\">Link: <a href=\"https:\/\/commons.wikimedia.org\/wiki\/File:Original_Book_Copy.jpg\" target=\"_blank\" rel=\"noreferrer noopener\">Wikip\u00e9dia<\/a><\/figcaption><\/figure>\n<\/div>\n\n\n<h4 class=\"wp-block-heading has-text-align-center\">&#8220;Noite&#8221; de Elie Wiesel<\/h4>\n\n\n\n<p class=\"\">&#8220;Night&#8221; \u00e9 o livro de mem\u00f3rias de Elie Wiesel sobre o seu tempo de jovem judeu em Auschwitz e Buchenwald. O livro \u00e9 sobre sua jornada de uma vida normal em uma pequena cidade para os campos de exterm\u00ednio. <\/p>\n\n\n\n<p class=\"\">Wiesel descreve com detalhes v\u00edvidos a perda de sua fam\u00edlia, sua f\u00e9 e sua inoc\u00eancia em meio a um sofrimento inimagin\u00e1vel.<\/p>\n\n\n\n<p class=\"\">Este livro \u00e9 um olhar profundo sobre o impacto psicol\u00f3gico e emocional em milh\u00f5es de judeus. Uma leitura obrigat\u00f3ria para entender o custo pessoal do Holocausto e a resist\u00eancia humana. <\/p>\n\n\n<div class=\"wp-block-image\">\n<figure class=\"aligncenter size-medium\"><img decoding=\"async\" width=\"300\" height=\"300\" src=\"https:\/\/auschwitztoursfromwarsaw.com\/wp-content\/uploads\/2024\/10\/inside-Auschwitz-300x300.jpg\" alt=\"dentro de Auschwitz\" class=\"wp-image-2481\" srcset=\"https:\/\/auschwitztoursfromwarsaw.com\/wp-content\/uploads\/2024\/10\/inside-Auschwitz-300x300.jpg 300w, https:\/\/auschwitztoursfromwarsaw.com\/wp-content\/uploads\/2024\/10\/inside-Auschwitz-150x150.jpg 150w, https:\/\/auschwitztoursfromwarsaw.com\/wp-content\/uploads\/2024\/10\/inside-Auschwitz-768x768.jpg 768w, https:\/\/auschwitztoursfromwarsaw.com\/wp-content\/uploads\/2024\/10\/inside-Auschwitz.jpg 1024w\" sizes=\"(max-width: 300px) 100vw, 300px\" \/><\/figure>\n<\/div>\n\n\n<h4 class=\"wp-block-heading has-text-align-center\">&#8220;A Busca do Homem por Sentido&#8221;, de Viktor Frankl<\/h4>\n\n\n\n<p class=\"\">Viktor Frankl, um psiquiatra judeu, relata o seu tempo em Auschwitz enquanto explorava as respostas psicol\u00f3gicas dos prisioneiros \u00e0 vida em campos de exterm\u00ednio. Ele introduz sua teoria da logoterapia, que postula que encontrar sentido na vida \u00e9 a chave para a sobreviv\u00eancia. <\/p>\n\n\n\n<p class=\"\">As reflex\u00f5es filos\u00f3ficas de Frankl fornecem uma perspetiva \u00fanica sobre como os indiv\u00edduos lidaram com as condi\u00e7\u00f5es extremas impostas pelo regime nazista.<\/p>\n\n\n\n<p class=\"\">Este livro \u00e9 um livro de mem\u00f3rias e um guia para encontrar um prop\u00f3sito em meio ao desespero, tornando-se uma literatura atemporal sobre resili\u00eancia humana.<\/p>\n\n\n<div class=\"wp-block-image\">\n<figure class=\"aligncenter size-medium\"><img decoding=\"async\" width=\"300\" height=\"300\" src=\"https:\/\/auschwitztoursfromwarsaw.com\/wp-content\/uploads\/2024\/10\/little-sisters-hiding-from-the-Germans-300x300.jpg\" alt=\"irm\u00e3zinhas escondidas dos alem\u00e3es\" class=\"wp-image-2484\" srcset=\"https:\/\/auschwitztoursfromwarsaw.com\/wp-content\/uploads\/2024\/10\/little-sisters-hiding-from-the-Germans-300x300.jpg 300w, https:\/\/auschwitztoursfromwarsaw.com\/wp-content\/uploads\/2024\/10\/little-sisters-hiding-from-the-Germans-150x150.jpg 150w, https:\/\/auschwitztoursfromwarsaw.com\/wp-content\/uploads\/2024\/10\/little-sisters-hiding-from-the-Germans-768x768.jpg 768w, https:\/\/auschwitztoursfromwarsaw.com\/wp-content\/uploads\/2024\/10\/little-sisters-hiding-from-the-Germans.jpg 1024w\" sizes=\"(max-width: 300px) 100vw, 300px\" \/><\/figure>\n<\/div>\n\n\n<h4 class=\"wp-block-heading has-text-align-center\">&#8220;Survival in Auschwitz&#8221; (Se Isto \u00c9 um Homem), de Primo Levi<\/h4>\n\n\n\n<p class=\"\">Neste livro cl\u00e1ssico, Primo Levi conta-nos a sua experi\u00eancia como judeu italiano em Auschwitz. Ele faz um relato minuto a minuto da vida no campo e da luta para se manter humano diante da desumaniza\u00e7\u00e3o. <\/p>\n\n\n\n<p class=\"\">Ele explora as complexidades morais e a vontade de sobreviver sob o regime nazista. &#8220;Survival in Auschwitz&#8221; \u00e9 um \u00f3timo livro sobre Auschwitz Birkenau para entender o lado pessoal do Holocausto. <\/p>\n\n\n<div class=\"wp-block-image\">\n<figure class=\"aligncenter size-medium\"><img decoding=\"async\" width=\"300\" height=\"200\" src=\"https:\/\/auschwitztoursfromwarsaw.com\/wp-content\/uploads\/2024\/10\/visiting-Auschwitz-from-Warsaw-300x200.jpg\" alt=\"visitando Auschwitz de Vars\u00f3via\" class=\"wp-image-2313\" srcset=\"https:\/\/auschwitztoursfromwarsaw.com\/wp-content\/uploads\/2024\/10\/visiting-Auschwitz-from-Warsaw-300x200.jpg 300w, https:\/\/auschwitztoursfromwarsaw.com\/wp-content\/uploads\/2024\/10\/visiting-Auschwitz-from-Warsaw-1024x683.jpg 1024w, https:\/\/auschwitztoursfromwarsaw.com\/wp-content\/uploads\/2024\/10\/visiting-Auschwitz-from-Warsaw-768x512.jpg 768w, https:\/\/auschwitztoursfromwarsaw.com\/wp-content\/uploads\/2024\/10\/visiting-Auschwitz-from-Warsaw.jpg 1500w\" sizes=\"(max-width: 300px) 100vw, 300px\" \/><\/figure>\n<\/div>\n\n\n<h3 class=\"wp-block-heading has-text-align-center\">Relatos Hist\u00f3ricos<\/h3>\n\n\n<div data-gyg-href=\"https:\/\/widget.getyourguide.com\/default\/activities.frame\" data-gyg-locale-code=\"pt-PT\" data-gyg-widget=\"activities\" data-gyg-number-of-items=\"4\" data-gyg-partner-id=\"BD1X57Z\" data-gyg-q=\"auschwitz\"><span>Powered by <a target=\"_blank\" rel=\"sponsored noopener\" href=\"https:\/\/www.getyourguide.com\/memorial-and-museum-auschwitz-birkenau-l1069\/\">GetYourGuide<\/a><\/span><\/div>\n<p><!-- GetYourGuide Analytics --><\/p>\n<p><script async defer src=\"https:\/\/widget.getyourguide.com\/dist\/pa.umd.production.min.js\" data-gyg-partner-id=\"BD1X57Z\"><\/script><\/p>\n\n\n\n<h4 class=\"wp-block-heading has-text-align-center\">&#8220;Auschwitz: Uma Nova Hist\u00f3ria&#8221;, de Laurence Rees<\/h4>\n\n\n\n<p class=\"\">Laurence Rees conta a extraordin\u00e1ria hist\u00f3ria de Auschwitz, desde a sua cria\u00e7\u00e3o at\u00e9 ao seu papel no programa de exterm\u00ednio nazi.<\/p>\n\n\n\n<p class=\"\">Usando testemunhos de sobreviventes e nazistas, ele explica como Auschwitz se tornou o s\u00edmbolo do Holocausto.<\/p>\n\n\n\n<p class=\"\">Ele analisa a mec\u00e2nica do campo, a implementa\u00e7\u00e3o da Solu\u00e7\u00e3o Final e a vida na realidade di\u00e1ria dos prisioneiros. Uma leitura obrigat\u00f3ria para compreender Auschwitz no contexto da Segunda Guerra Mundial. <\/p>\n\n\n<div class=\"wp-block-image\">\n<figure class=\"aligncenter size-medium\"><img decoding=\"async\" width=\"300\" height=\"300\" src=\"https:\/\/auschwitztoursfromwarsaw.com\/wp-content\/uploads\/2024\/10\/soldier-looking-for-jews-during-the-holocaust-300x300.jpg\" alt=\"Soldado \u00e0 procura de judeus durante o Holocausto\" class=\"wp-image-2478\" srcset=\"https:\/\/auschwitztoursfromwarsaw.com\/wp-content\/uploads\/2024\/10\/soldier-looking-for-jews-during-the-holocaust-300x300.jpg 300w, https:\/\/auschwitztoursfromwarsaw.com\/wp-content\/uploads\/2024\/10\/soldier-looking-for-jews-during-the-holocaust-150x150.jpg 150w, https:\/\/auschwitztoursfromwarsaw.com\/wp-content\/uploads\/2024\/10\/soldier-looking-for-jews-during-the-holocaust-768x768.jpg 768w, https:\/\/auschwitztoursfromwarsaw.com\/wp-content\/uploads\/2024\/10\/soldier-looking-for-jews-during-the-holocaust.jpg 1024w\" sizes=\"(max-width: 300px) 100vw, 300px\" \/><\/figure>\n<\/div>\n\n\n<h4 class=\"wp-block-heading has-text-align-center\">&#8220;O Holocausto: Uma Nova Hist\u00f3ria&#8221;, de Laurence Rees<\/h4>\n\n\n\n<p class=\"\">Nesta introdu\u00e7\u00e3o f\u00e1cil de ler ao Holocausto, Rees analisa as ra\u00edzes do antissemitismo e a ascens\u00e3o da Alemanha nazista. Ele segue a sequ\u00eancia de eventos que levaram ao assassinato de seis milh\u00f5es de judeus e milh\u00f5es de outros. <\/p>\n\n\n\n<p class=\"\">O livro combina an\u00e1lise hist\u00f3rica com hist\u00f3rias pessoais para mostrar a extens\u00e3o do regime nazista na Europa Ocidental e Oriental.<\/p>\n\n\n\n<p class=\"\">Recomendamos este livro sobre o Holocausto a qualquer pessoa que queira entender as causas e os efeitos em nosso mundo de hoje.<\/p>\n\n\n<div class=\"wp-block-image\">\n<figure class=\"aligncenter size-medium\"><img decoding=\"async\" width=\"300\" height=\"224\" src=\"https:\/\/auschwitztoursfromwarsaw.com\/wp-content\/uploads\/2024\/10\/Beds-at-Auschwitz-Birkenau-300x224.jpg\" alt=\"Camas em Auschwitz Birkenau\" class=\"wp-image-2333\" srcset=\"https:\/\/auschwitztoursfromwarsaw.com\/wp-content\/uploads\/2024\/10\/Beds-at-Auschwitz-Birkenau-300x224.jpg 300w, https:\/\/auschwitztoursfromwarsaw.com\/wp-content\/uploads\/2024\/10\/Beds-at-Auschwitz-Birkenau-1024x763.jpg 1024w, https:\/\/auschwitztoursfromwarsaw.com\/wp-content\/uploads\/2024\/10\/Beds-at-Auschwitz-Birkenau-768x572.jpg 768w, https:\/\/auschwitztoursfromwarsaw.com\/wp-content\/uploads\/2024\/10\/Beds-at-Auschwitz-Birkenau.jpg 1500w\" sizes=\"(max-width: 300px) 100vw, 300px\" \/><\/figure>\n<\/div>\n\n\n<h4 class=\"wp-block-heading has-text-align-center\">&#8220;Auschwitz e os Aliados&#8221;, de Martin Gilbert<\/h4>\n\n\n\n<p class=\"\">Martin Gilbert examina o que os Aliados sabiam sobre Auschwitz durante a Segunda Guerra Mundial. Analisa a informa\u00e7\u00e3o recolhida, as respostas (ou a falta dela) dos governos aliados e as quest\u00f5es morais levantadas pelas suas a\u00e7\u00f5es. <\/p>\n\n\n\n<p class=\"\">A sua investiga\u00e7\u00e3o levanta quest\u00f5es importantes sobre a responsabilidade e interven\u00e7\u00e3o internacional. Uma leitura obrigat\u00f3ria para entender o contexto global do Holocausto e a pol\u00edtica dos tempos de guerra. <\/p>\n\n\n<div class=\"wp-block-image\">\n<figure class=\"aligncenter size-medium\"><img decoding=\"async\" width=\"300\" height=\"300\" src=\"https:\/\/auschwitztoursfromwarsaw.com\/wp-content\/uploads\/2024\/10\/woman-sleeping-in-the-snow-at-Auschwitz-300x300.jpg\" alt=\"mulher dormindo na neve em Auschwitz\" class=\"wp-image-2480\" srcset=\"https:\/\/auschwitztoursfromwarsaw.com\/wp-content\/uploads\/2024\/10\/woman-sleeping-in-the-snow-at-Auschwitz-300x300.jpg 300w, https:\/\/auschwitztoursfromwarsaw.com\/wp-content\/uploads\/2024\/10\/woman-sleeping-in-the-snow-at-Auschwitz-150x150.jpg 150w, https:\/\/auschwitztoursfromwarsaw.com\/wp-content\/uploads\/2024\/10\/woman-sleeping-in-the-snow-at-Auschwitz-768x768.jpg 768w, https:\/\/auschwitztoursfromwarsaw.com\/wp-content\/uploads\/2024\/10\/woman-sleeping-in-the-snow-at-Auschwitz.jpg 1024w\" sizes=\"(max-width: 300px) 100vw, 300px\" \/><\/figure>\n<\/div>\n\n\n<h4 class=\"wp-block-heading has-text-align-center\">&#8220;KL: Uma Hist\u00f3ria dos Campos de Concentra\u00e7\u00e3o Nazis&#8221;, de Nikolaus Wachsmann<\/h4>\n\n\n\n<p class=\"\">Nikolaus Wachsmann mergulha fundo na hist\u00f3ria do sistema de campos de concentra\u00e7\u00e3o nazi, conhecido como &#8220;KL&#8221; (Konzentrationslager). N\u00e3o se trata apenas de Auschwitz, mas de outros campos que faziam parte da m\u00e1quina de opress\u00e3o nazi. <\/p>\n\n\n\n<p class=\"\">Wachsmann analisa o desenvolvimento, a organiza\u00e7\u00e3o e a vida quotidiana nos campos, bem como a vida dos prisioneiros e dos guardas.<\/p>\n\n\n\n<p class=\"\">Este livro mostra como os campos foram fundamentais para o controlo e persegui\u00e7\u00e3o do regime nazi, n\u00e3o s\u00f3 \u00e0s v\u00edtimas judias, mas tamb\u00e9m aos presos pol\u00edticos e outros grupos-alvo.<\/p>\n\n\n<div class=\"wp-block-image\">\n<figure class=\"aligncenter size-medium\"><img decoding=\"async\" width=\"300\" height=\"200\" src=\"https:\/\/auschwitztoursfromwarsaw.com\/wp-content\/uploads\/2024\/10\/Barracks-at-Auschwitz-on-a-sunny-day-300x200.jpg\" alt=\"Quartel em Auschwitz em um dia ensolarado\" class=\"wp-image-2434\" srcset=\"https:\/\/auschwitztoursfromwarsaw.com\/wp-content\/uploads\/2024\/10\/Barracks-at-Auschwitz-on-a-sunny-day-300x200.jpg 300w, https:\/\/auschwitztoursfromwarsaw.com\/wp-content\/uploads\/2024\/10\/Barracks-at-Auschwitz-on-a-sunny-day-1024x683.jpg 1024w, https:\/\/auschwitztoursfromwarsaw.com\/wp-content\/uploads\/2024\/10\/Barracks-at-Auschwitz-on-a-sunny-day-768x512.jpg 768w, https:\/\/auschwitztoursfromwarsaw.com\/wp-content\/uploads\/2024\/10\/Barracks-at-Auschwitz-on-a-sunny-day.jpg 1500w\" sizes=\"(max-width: 300px) 100vw, 300px\" \/><\/figure>\n<\/div>\n\n\n<h3 class=\"wp-block-heading has-text-align-center\">Fic\u00e7\u00e3o inspirada em eventos reais<\/h3>\n\n\n\n<h4 class=\"wp-block-heading has-text-align-center\">&#8220;O tatuador de Auschwitz&#8221;, de Heather Morris<\/h4>\n\n\n\n<p class=\"\">Baseado na hist\u00f3ria real de Lale Sokolov, uma judia eslovaca, este livro \u00e9 sobre o tatuador que tatuou prisioneiros em Auschwitz.<\/p>\n\n\n\n<p class=\"\">Em meio ao horror, Lale se apaixona por Gita, uma colega de pris\u00e3o, e nos mostra uma poderosa hist\u00f3ria de amor e esperan\u00e7a. Heather Morris d\u00e1 vida \u00e0s lutas di\u00e1rias e aos atos de bondade que aconteceram mesmo nos tempos mais sombrios. <\/p>\n\n\n\n<p class=\"\">Esta incr\u00edvel hist\u00f3ria \u00e9 sobre o esp\u00edrito humano e amor em face de probabilidades imposs\u00edveis.<\/p>\n\n\n<div class=\"wp-block-image\">\n<figure class=\"aligncenter size-medium\"><img decoding=\"async\" width=\"300\" height=\"300\" src=\"https:\/\/auschwitztoursfromwarsaw.com\/wp-content\/uploads\/2024\/10\/Sisters-hiding-during-the-second-world-war-300x300.jpg\" alt=\"Irm\u00e3s escondidas durante a Segunda Guerra Mundial\" class=\"wp-image-2477\" srcset=\"https:\/\/auschwitztoursfromwarsaw.com\/wp-content\/uploads\/2024\/10\/Sisters-hiding-during-the-second-world-war-300x300.jpg 300w, https:\/\/auschwitztoursfromwarsaw.com\/wp-content\/uploads\/2024\/10\/Sisters-hiding-during-the-second-world-war-150x150.jpg 150w, https:\/\/auschwitztoursfromwarsaw.com\/wp-content\/uploads\/2024\/10\/Sisters-hiding-during-the-second-world-war-768x768.jpg 768w, https:\/\/auschwitztoursfromwarsaw.com\/wp-content\/uploads\/2024\/10\/Sisters-hiding-during-the-second-world-war.jpg 1024w\" sizes=\"(max-width: 300px) 100vw, 300px\" \/><\/figure>\n<\/div>\n\n\n<h4 class=\"wp-block-heading has-text-align-center\">&#8220;A Lista de Schindler&#8221;, de Thomas Keneally<\/h4>\n\n\n\n<p class=\"\">Thomas Keneally conta a hist\u00f3ria real de Oskar Schindler, um industrial alem\u00e3o que salvou mais de mil judeus empregando-os em suas f\u00e1bricas.<\/p>\n\n\n\n<p class=\"\">O livro \u00e9 sobre a transforma\u00e7\u00e3o de Schindler de um homem de neg\u00f3cios de nariz duro em um salvador que arriscou sua vida contra o regime nazista.<\/p>\n\n\n\n<p class=\"\">Atrav\u00e9s da narrativa de Keneally, vemos como uma pessoa pode fazer a diferen\u00e7a em tempos de crise moral. &#8220;A Lista de Schindler&#8221; \u00e9 sobre coragem, compaix\u00e3o e a condi\u00e7\u00e3o humana durante o Holocausto. <\/p>\n\n\n<div class=\"wp-block-image\">\n<figure class=\"aligncenter size-medium\"><img decoding=\"async\" width=\"300\" height=\"300\" src=\"https:\/\/auschwitztoursfromwarsaw.com\/wp-content\/uploads\/2024\/10\/woman-playing-violin-during-world-war-ii-300x300.jpg\" alt=\"Mulher que toca violino durante a Segunda Guerra Mundial\" class=\"wp-image-2479\" srcset=\"https:\/\/auschwitztoursfromwarsaw.com\/wp-content\/uploads\/2024\/10\/woman-playing-violin-during-world-war-ii-300x300.jpg 300w, https:\/\/auschwitztoursfromwarsaw.com\/wp-content\/uploads\/2024\/10\/woman-playing-violin-during-world-war-ii-150x150.jpg 150w, https:\/\/auschwitztoursfromwarsaw.com\/wp-content\/uploads\/2024\/10\/woman-playing-violin-during-world-war-ii-768x768.jpg 768w, https:\/\/auschwitztoursfromwarsaw.com\/wp-content\/uploads\/2024\/10\/woman-playing-violin-during-world-war-ii.jpg 1024w\" sizes=\"(max-width: 300px) 100vw, 300px\" \/><\/figure>\n<\/div>\n\n\n<h4 class=\"wp-block-heading has-text-align-center\">&#8220;O Menino do Pijama Listrado&#8221;, de John Boyne<\/h4>\n\n\n\n<p class=\"\">Este livro \u00e9 sobre Bruno, o filho de nove anos de um comandante nazi, que faz amizade com Shmuel, um rapaz judeu em Auschwitz.<\/p>\n\n\n\n<p class=\"\">Atrav\u00e9s dos olhos de uma crian\u00e7a, vemos o absurdo e o horror do Holocausto. John Boyne mostra-nos uma bela hist\u00f3ria que nos faz pensar sobre a inoc\u00eancia, a ignor\u00e2ncia e as divis\u00f5es arbitr\u00e1rias criadas pelo preconceito. <\/p>\n\n\n\n<p class=\"\">Embora fict\u00edcio, \u00e9 um poderoso lembrete do custo humano do \u00f3dio e da import\u00e2ncia da compaix\u00e3o.<\/p>\n\n\n<div class=\"wp-block-image\">\n<figure class=\"aligncenter size-medium\"><img decoding=\"async\" width=\"300\" height=\"300\" src=\"https:\/\/auschwitztoursfromwarsaw.com\/wp-content\/uploads\/2024\/10\/little-boy-alone-hiding-from-the-war-during-the-holocaust-300x300.jpg\" alt=\"Garotinho sozinho se escondendo da guerra durante o Holocausto\" class=\"wp-image-2485\" srcset=\"https:\/\/auschwitztoursfromwarsaw.com\/wp-content\/uploads\/2024\/10\/little-boy-alone-hiding-from-the-war-during-the-holocaust-300x300.jpg 300w, https:\/\/auschwitztoursfromwarsaw.com\/wp-content\/uploads\/2024\/10\/little-boy-alone-hiding-from-the-war-during-the-holocaust-150x150.jpg 150w, https:\/\/auschwitztoursfromwarsaw.com\/wp-content\/uploads\/2024\/10\/little-boy-alone-hiding-from-the-war-during-the-holocaust-768x768.jpg 768w, https:\/\/auschwitztoursfromwarsaw.com\/wp-content\/uploads\/2024\/10\/little-boy-alone-hiding-from-the-war-during-the-holocaust.jpg 1024w\" sizes=\"(max-width: 300px) 100vw, 300px\" \/><\/figure>\n<\/div>\n\n\n<h3 class=\"wp-block-heading has-text-align-center\">Estudos aprofundados sobre o Holocausto<\/h3>\n\n\n\n<h4 class=\"wp-block-heading has-text-align-center\">&#8220;A Destrui\u00e7\u00e3o dos Judeus Europeus&#8221;, de Raul Hilberg<\/h4>\n\n\n\n<p class=\"\">O livro cl\u00e1ssico de Raul Hilberg aborda a mec\u00e2nica do Holocausto, focando-se nos processos que levaram \u00e0 destrui\u00e7\u00e3o dos judeus europeus. Analisa as institui\u00e7\u00f5es, burocracias e indiv\u00edduos envolvidos na Solu\u00e7\u00e3o Final. <\/p>\n\n\n\n<p class=\"\">A pesquisa de Hilberg \u00e9 minuciosa e mostra como sistemas comuns foram usados para cometer genoc\u00eddio.<\/p>\n\n\n<div class=\"wp-block-image\">\n<figure class=\"aligncenter size-medium\"><img decoding=\"async\" width=\"300\" height=\"300\" src=\"https:\/\/auschwitztoursfromwarsaw.com\/wp-content\/uploads\/2024\/10\/boys-hiding-during-the-holocaust-300x300.jpg\" alt=\"Meninos escondidos durante o Holocausto\" class=\"wp-image-2487\" srcset=\"https:\/\/auschwitztoursfromwarsaw.com\/wp-content\/uploads\/2024\/10\/boys-hiding-during-the-holocaust-300x300.jpg 300w, https:\/\/auschwitztoursfromwarsaw.com\/wp-content\/uploads\/2024\/10\/boys-hiding-during-the-holocaust-150x150.jpg 150w, https:\/\/auschwitztoursfromwarsaw.com\/wp-content\/uploads\/2024\/10\/boys-hiding-during-the-holocaust-768x768.jpg 768w, https:\/\/auschwitztoursfromwarsaw.com\/wp-content\/uploads\/2024\/10\/boys-hiding-during-the-holocaust.jpg 1024w\" sizes=\"(max-width: 300px) 100vw, 300px\" \/><\/figure>\n<\/div>\n\n\n<h4 class=\"wp-block-heading has-text-align-center\">&#8220;Ordinary Men: Reserve Police Battalion 101 and the Final Solution in Poland&#8221; por Christopher Browning<\/h4>\n\n\n\n<p class=\"\">Christopher Browning analisa como homens alem\u00e3es comuns do Batalh\u00e3o de Pol\u00edcia de Reserva 101 se tornaram assassinos em massa na Pol\u00f3nia.<\/p>\n\n\n\n<p class=\"\">Atrav\u00e9s de registros hist\u00f3ricos e testemunhos, ele explora como esses homens mudaram.<\/p>\n\n\n\n<p class=\"\">O livro analisa a conformidade, a obedi\u00eancia e a capacidade para o mal nas pessoas comuns. Browning levanta quest\u00f5es importantes sobre moralidade, autoridade e responsabilidade pessoal na era nazista. <\/p>\n\n\n<div class=\"wp-block-image\">\n<figure class=\"aligncenter size-medium\"><img decoding=\"async\" width=\"300\" height=\"300\" src=\"https:\/\/auschwitztoursfromwarsaw.com\/wp-content\/uploads\/2024\/10\/family-in-a-dark-house-hiding-during-second-world-war-300x300.jpg\" alt=\"Fam\u00edlia em uma casa escura escondida durante a Segunda Guerra Mundial\" class=\"wp-image-2486\" srcset=\"https:\/\/auschwitztoursfromwarsaw.com\/wp-content\/uploads\/2024\/10\/family-in-a-dark-house-hiding-during-second-world-war-300x300.jpg 300w, https:\/\/auschwitztoursfromwarsaw.com\/wp-content\/uploads\/2024\/10\/family-in-a-dark-house-hiding-during-second-world-war-150x150.jpg 150w, https:\/\/auschwitztoursfromwarsaw.com\/wp-content\/uploads\/2024\/10\/family-in-a-dark-house-hiding-during-second-world-war-768x768.jpg 768w, https:\/\/auschwitztoursfromwarsaw.com\/wp-content\/uploads\/2024\/10\/family-in-a-dark-house-hiding-during-second-world-war.jpg 1024w\" sizes=\"(max-width: 300px) 100vw, 300px\" \/><\/figure>\n<\/div>\n\n\n<h4 class=\"wp-block-heading has-text-align-center\">&#8220;Os Carrascos Dispostos de Hitler&#8221;, de Daniel Goldhagen<\/h4>\n\n\n\n<p class=\"\">O livro de Daniel Goldhagen argumenta que um tipo especial de &#8220;antissemitismo eliminacionista&#8221; na sociedade alem\u00e3 fez com que os alem\u00e3es comuns se dispusessem a participar do Holocausto. Ele desafia interpreta\u00e7\u00f5es anteriores olhando para o papel das cren\u00e7as sociais generalizadas. <\/p>\n\n\n\n<p class=\"\">O livro levanta quest\u00f5es sobre as motiva\u00e7\u00f5es e a extens\u00e3o da culpa coletiva. Debatido por estudiosos, mas uma adi\u00e7\u00e3o importante aos estudos do Holocausto, ele faz voc\u00ea pensar sobre os muitos fatores que permitem o genoc\u00eddio. <\/p>\n\n\n<div class=\"wp-block-image\">\n<figure class=\"aligncenter size-medium\"><img decoding=\"async\" width=\"300\" height=\"300\" src=\"https:\/\/auschwitztoursfromwarsaw.com\/wp-content\/uploads\/2024\/10\/Auschwitz-books-300x300.jpg\" alt=\"Livros de Auschwitz\" class=\"wp-image-2483\" srcset=\"https:\/\/auschwitztoursfromwarsaw.com\/wp-content\/uploads\/2024\/10\/Auschwitz-books-300x300.jpg 300w, https:\/\/auschwitztoursfromwarsaw.com\/wp-content\/uploads\/2024\/10\/Auschwitz-books-150x150.jpg 150w, https:\/\/auschwitztoursfromwarsaw.com\/wp-content\/uploads\/2024\/10\/Auschwitz-books-768x768.jpg 768w, https:\/\/auschwitztoursfromwarsaw.com\/wp-content\/uploads\/2024\/10\/Auschwitz-books.jpg 1024w\" sizes=\"(max-width: 300px) 100vw, 300px\" \/><\/figure>\n<\/div>\n\n\n<h3 class=\"wp-block-heading has-text-align-center\">Experi\u00eancias das mulheres no Holocausto<\/h3>\n\n\n\n<h4 class=\"wp-block-heading has-text-align-center\">&#8220;A Promessa de Rena: Uma Hist\u00f3ria de Irm\u00e3s em Auschwitz&#8221;, de Rena Kornreich Gelissen<\/h4>\n\n\n\n<p class=\"\">Rena Kornreich Gelissen sobreviveu a Auschwitz com sua irm\u00e3 Danka. Uma das primeiras mulheres judias a ser enviada para o campo, Rena conta a hist\u00f3ria de suas lutas di\u00e1rias e como elas se apoiaram. <\/p>\n\n\n\n<p class=\"\">O livro de mem\u00f3rias \u00e9 sobre as experi\u00eancias especiais e os desafios das mulheres durante o Holocausto.<\/p>\n\n\n\n<p class=\"\">A hist\u00f3ria de Rena \u00e9 sobre o v\u00ednculo inquebr\u00e1vel da fam\u00edlia e a for\u00e7a necess\u00e1ria para sobreviver em um dos ambientes mais brutais da hist\u00f3ria.<\/p>\n\n\n<div class=\"wp-block-image\">\n<figure class=\"aligncenter size-medium\"><img decoding=\"async\" width=\"300\" height=\"200\" src=\"https:\/\/auschwitztoursfromwarsaw.com\/wp-content\/uploads\/2024\/10\/day-trips-to-Auschwitz-from-Warsaw-300x200.jpg\" alt=\"Viagens de um dia para Auschwitz saindo de Vars\u00f3via\" class=\"wp-image-2319\" srcset=\"https:\/\/auschwitztoursfromwarsaw.com\/wp-content\/uploads\/2024\/10\/day-trips-to-Auschwitz-from-Warsaw-300x200.jpg 300w, https:\/\/auschwitztoursfromwarsaw.com\/wp-content\/uploads\/2024\/10\/day-trips-to-Auschwitz-from-Warsaw-1024x683.jpg 1024w, https:\/\/auschwitztoursfromwarsaw.com\/wp-content\/uploads\/2024\/10\/day-trips-to-Auschwitz-from-Warsaw-768x512.jpg 768w, https:\/\/auschwitztoursfromwarsaw.com\/wp-content\/uploads\/2024\/10\/day-trips-to-Auschwitz-from-Warsaw.jpg 1500w\" sizes=\"(max-width: 300px) 100vw, 300px\" \/><\/figure>\n<\/div>\n\n\n<h4 class=\"wp-block-heading has-text-align-center\">&#8220;Lilac Girls&#8221; de Martha Hall Kelly<\/h4>\n\n\n\n<p class=\"\">&#8220;Meninas Lil\u00e1s&#8221; \u00e9 um romance de fic\u00e7\u00e3o hist\u00f3rica que entrela\u00e7a as hist\u00f3rias de tr\u00eas mulheres \u2013 uma socialite nova-iorquina, uma adolescente polonesa e uma m\u00e9dica alem\u00e3 \u2013 durante a Segunda Guerra Mundial. O livro analisa as atrocidades que aconteceram em Ravensbr\u00fcck, um campo de concentra\u00e7\u00e3o para mulheres. <\/p>\n\n\n\n<p class=\"\">Martha Hall Kelly usa figuras da vida real para explorar a coragem, a reden\u00e7\u00e3o e a condi\u00e7\u00e3o humana.<\/p>\n\n\n\n<p class=\"\">Este livro aborda as experi\u00eancias muitas vezes negligenciadas das mulheres e o impacto do Holocausto em suas vidas.<\/p>\n\n\n<div class=\"wp-block-image\">\n<figure class=\"aligncenter size-medium\"><img decoding=\"async\" width=\"300\" height=\"200\" src=\"https:\/\/auschwitztoursfromwarsaw.com\/wp-content\/uploads\/2024\/10\/taking-a-daily-trip-to-Auschwitz-from-Warsaw-300x200.jpg\" alt=\"fazer uma viagem di\u00e1ria a Auschwitz saindo de Vars\u00f3via\" class=\"wp-image-2317\" srcset=\"https:\/\/auschwitztoursfromwarsaw.com\/wp-content\/uploads\/2024\/10\/taking-a-daily-trip-to-Auschwitz-from-Warsaw-300x200.jpg 300w, https:\/\/auschwitztoursfromwarsaw.com\/wp-content\/uploads\/2024\/10\/taking-a-daily-trip-to-Auschwitz-from-Warsaw-1024x683.jpg 1024w, https:\/\/auschwitztoursfromwarsaw.com\/wp-content\/uploads\/2024\/10\/taking-a-daily-trip-to-Auschwitz-from-Warsaw-768x512.jpg 768w, https:\/\/auschwitztoursfromwarsaw.com\/wp-content\/uploads\/2024\/10\/taking-a-daily-trip-to-Auschwitz-from-Warsaw.jpg 1500w\" sizes=\"(max-width: 300px) 100vw, 300px\" \/><\/figure>\n<\/div>\n\n\n<h3 class=\"wp-block-heading has-text-align-center\">Perspetivas menos conhecidas<\/h3>\n\n\n\n<h4 class=\"wp-block-heading has-text-align-center\">&#8220;O Bibliotec\u00e1rio de Auschwitz&#8221;, de Antonio Iturbe<\/h4>\n\n\n\n<p class=\"\">Baseado na hist\u00f3ria real de Dita Kraus, este livro \u00e9 sobre uma rapariga que se torna bibliotec\u00e1ria de uma escola secreta em Auschwitz.<\/p>\n\n\n\n<p class=\"\">Arrisca a vida para salvar alguns livros, Dita \u00e9 a personifica\u00e7\u00e3o do conhecimento e da educa\u00e7\u00e3o como formas de resist\u00eancia.<\/p>\n\n\n\n<p class=\"\">Antonio Iturbe mostra como a esperan\u00e7a e a liberdade intelectual podem ser uma ferramenta poderosa contra a opress\u00e3o. \u00c9 assim que pequenos atos de rebeli\u00e3o podem ser grandes em tempos sombrios. <\/p>\n\n\n<div class=\"wp-block-image\">\n<figure class=\"aligncenter size-medium\"><img decoding=\"async\" width=\"300\" height=\"300\" src=\"https:\/\/auschwitztoursfromwarsaw.com\/wp-content\/uploads\/2024\/10\/children-hiding-in-a-house-300x300.jpg\" alt=\"crian\u00e7as escondidas em uma casa\" class=\"wp-image-2489\" srcset=\"https:\/\/auschwitztoursfromwarsaw.com\/wp-content\/uploads\/2024\/10\/children-hiding-in-a-house-300x300.jpg 300w, https:\/\/auschwitztoursfromwarsaw.com\/wp-content\/uploads\/2024\/10\/children-hiding-in-a-house-150x150.jpg 150w, https:\/\/auschwitztoursfromwarsaw.com\/wp-content\/uploads\/2024\/10\/children-hiding-in-a-house-768x768.jpg 768w, https:\/\/auschwitztoursfromwarsaw.com\/wp-content\/uploads\/2024\/10\/children-hiding-in-a-house.jpg 1024w\" sizes=\"(max-width: 300px) 100vw, 300px\" \/><\/figure>\n<\/div>\n\n\n<h4 class=\"wp-block-heading has-text-align-center\">&#8220;Os filhos de Irena&#8221;, de Tilar J. Mazzeo<\/h4>\n\n\n\n<p class=\"\">&#8220;Os Filhos de Irena&#8221; conta a hist\u00f3ria de Irena Sendler, uma assistente social polaca que salvou mais de 2.500 crian\u00e7as judias do Gueto de Vars\u00f3via. Tilar J. Mazzeo explica como Irena e sua rede contrabandearam crian\u00e7as para um local seguro e lhes deram novos nomes e esperan\u00e7a para um futuro. <\/p>\n\n\n\n<p class=\"\">O livro celebra pessoas comuns que arriscaram tudo para desafiar o regime nazista. A hist\u00f3ria de Irena \u00e9 um lembrete do que uma pessoa pode fazer para parar o mal. <\/p>\n\n\n<div class=\"wp-block-image\">\n<figure class=\"aligncenter size-medium\"><img decoding=\"async\" width=\"300\" height=\"300\" src=\"https:\/\/auschwitztoursfromwarsaw.com\/wp-content\/uploads\/2024\/10\/children-hiding-from-soldier-300x300.jpg\" alt=\"crian\u00e7as que se escondem do soldado\" class=\"wp-image-2492\" srcset=\"https:\/\/auschwitztoursfromwarsaw.com\/wp-content\/uploads\/2024\/10\/children-hiding-from-soldier-300x300.jpg 300w, https:\/\/auschwitztoursfromwarsaw.com\/wp-content\/uploads\/2024\/10\/children-hiding-from-soldier-150x150.jpg 150w, https:\/\/auschwitztoursfromwarsaw.com\/wp-content\/uploads\/2024\/10\/children-hiding-from-soldier-768x768.jpg 768w, https:\/\/auschwitztoursfromwarsaw.com\/wp-content\/uploads\/2024\/10\/children-hiding-from-soldier.jpg 1024w\" sizes=\"(max-width: 300px) 100vw, 300px\" \/><\/figure>\n<\/div>\n\n\n<h4 class=\"wp-block-heading has-text-align-center\">&#8220;O Volunt\u00e1rio de Auschwitz: Al\u00e9m da Coragem&#8221;, de Witold Pilecki<\/h4>\n\n\n\n<p class=\"\">A hist\u00f3ria de Witold Pilecki, um oficial do ex\u00e9rcito polaco que se ofereceu para ser preso em Auschwitz para recolher informa\u00e7\u00f5es e organizar a resist\u00eancia.<\/p>\n\n\n\n<p class=\"\">Os seus relat\u00f3rios foram os primeiros a informar os Aliados sobre o que se estava a passar no campo.<\/p>\n\n\n\n<p class=\"\">A bravura e o compromisso de Pilecki s\u00e3o uma vis\u00e3o \u00fanica da resist\u00eancia interna contra os nazistas. Sua hist\u00f3ria mostra como a bravura pode ser usada para lutar contra a opress\u00e3o a partir de dentro. <\/p>\n\n\n<div class=\"wp-block-image\">\n<figure class=\"aligncenter size-medium\"><img decoding=\"async\" width=\"300\" height=\"300\" src=\"https:\/\/auschwitztoursfromwarsaw.com\/wp-content\/uploads\/2024\/10\/soldiers-checking-a-boy-diary-300x300.jpg\" alt=\"soldados verificando um di\u00e1rio de menino\" class=\"wp-image-2490\" srcset=\"https:\/\/auschwitztoursfromwarsaw.com\/wp-content\/uploads\/2024\/10\/soldiers-checking-a-boy-diary-300x300.jpg 300w, https:\/\/auschwitztoursfromwarsaw.com\/wp-content\/uploads\/2024\/10\/soldiers-checking-a-boy-diary-150x150.jpg 150w, https:\/\/auschwitztoursfromwarsaw.com\/wp-content\/uploads\/2024\/10\/soldiers-checking-a-boy-diary-768x768.jpg 768w, https:\/\/auschwitztoursfromwarsaw.com\/wp-content\/uploads\/2024\/10\/soldiers-checking-a-boy-diary.jpg 1024w\" sizes=\"(max-width: 300px) 100vw, 300px\" \/><\/figure>\n<\/div>\n\n\n<h4 class=\"wp-block-heading has-text-align-center\">&#8220;As Crian\u00e7as Escondidas&#8221;, de Jane Marks<\/h4>\n\n\n\n<p class=\"\">Jane Marks re\u00fane as hist\u00f3rias de crian\u00e7as judias que sobreviveram ao Holocausto escondendo-se em s\u00f3t\u00e3os e celeiros ou adotando identidades falsas.<\/p>\n\n\n\n<p class=\"\">Estas hist\u00f3rias mostram o medo, a confus\u00e3o e a perda das v\u00edtimas mais jovens da persegui\u00e7\u00e3o nazi. O livro \u00e9 sobre a resili\u00eancia de crian\u00e7as que, apesar de perderem a inf\u00e2ncia, encontraram uma forma de sobreviver. <\/p>\n\n\n\n<p class=\"\">\u00c9 uma leitura obrigat\u00f3ria para entender o custo pessoal do Holocausto para suas v\u00edtimas mais vulner\u00e1veis.<\/p>\n\n\n<div class=\"wp-block-image\">\n<figure class=\"aligncenter size-medium\"><img decoding=\"async\" width=\"300\" height=\"300\" src=\"https:\/\/auschwitztoursfromwarsaw.com\/wp-content\/uploads\/2024\/10\/soldiers-during-world-war-ii-300x300.jpg\" alt=\"Soldados durante a Segunda Guerra Mundial\" class=\"wp-image-2491\" srcset=\"https:\/\/auschwitztoursfromwarsaw.com\/wp-content\/uploads\/2024\/10\/soldiers-during-world-war-ii-300x300.jpg 300w, https:\/\/auschwitztoursfromwarsaw.com\/wp-content\/uploads\/2024\/10\/soldiers-during-world-war-ii-150x150.jpg 150w, https:\/\/auschwitztoursfromwarsaw.com\/wp-content\/uploads\/2024\/10\/soldiers-during-world-war-ii-768x768.jpg 768w, https:\/\/auschwitztoursfromwarsaw.com\/wp-content\/uploads\/2024\/10\/soldiers-during-world-war-ii.jpg 1024w\" sizes=\"(max-width: 300px) 100vw, 300px\" \/><\/figure>\n<\/div>\n\n\n<h2 class=\"wp-block-heading has-text-align-center\">Crit\u00e9rios para a escolha destes livros<\/h2>\n\n\n\n<p class=\"\">Os livros s\u00e3o uma mistura de mem\u00f3rias, relatos hist\u00f3ricos, fic\u00e7\u00e3o baseada em eventos reais e pesquisa aprofundada. Eles oferecem diferentes perspetivas \u2013 desde sobreviventes contando suas hist\u00f3rias at\u00e9 historiadores explicando a mec\u00e2nica da Solu\u00e7\u00e3o Final. <\/p>\n\n\n\n<p class=\"\">Cada livro \u00e9 escolhido pelo seu conte\u00fado informativo, educativo e emocional sobre Auschwitz, o Holocausto e a Segunda Guerra Mundial.<\/p>\n\n\n\n<h3 class=\"wp-block-heading has-text-align-center\">Porque \u00e9 que os livros de Auschwitz s\u00e3o t\u00e3o importantes?<\/h3>\n\n\n\n<p class=\"\">Os livros sobre Auschwitz aprofundam-se numa das partes mais negras da hist\u00f3ria da humanidade, o Holocausto. N\u00e3o se trata apenas do passado; trata-se de sobreviv\u00eancia, bravura e luta por justi\u00e7a. <\/p>\n\n\n\n<p class=\"\">Eles mostram o que as pessoas passaram e o que tiveram que fazer para sobreviver, e recomendamos l\u00ea-los antes de participar de uma <strong><a href=\"https:\/\/auschwitztoursfromwarsaw.com\/pt-pt\/\" target=\"_blank\" rel=\"noreferrer noopener\">excurs\u00e3o a Auschwitz a partir de Vars\u00f3via<\/a><\/strong> ou Crac\u00f3via.<\/p>\n\n\n<div class=\"wp-block-image\">\n<figure class=\"aligncenter size-large\"><img decoding=\"async\" width=\"1024\" height=\"683\" src=\"https:\/\/auschwitztoursfromwarsaw.com\/wp-content\/uploads\/2024\/10\/Auschwitz-concentration-camps-in-the-wintertime-1024x683.jpg\" alt=\"Campos de concentra\u00e7\u00e3o de Auschwitz no inverno\" class=\"wp-image-2436\" srcset=\"https:\/\/auschwitztoursfromwarsaw.com\/wp-content\/uploads\/2024\/10\/Auschwitz-concentration-camps-in-the-wintertime-1024x683.jpg 1024w, https:\/\/auschwitztoursfromwarsaw.com\/wp-content\/uploads\/2024\/10\/Auschwitz-concentration-camps-in-the-wintertime-300x200.jpg 300w, https:\/\/auschwitztoursfromwarsaw.com\/wp-content\/uploads\/2024\/10\/Auschwitz-concentration-camps-in-the-wintertime-768x512.jpg 768w, https:\/\/auschwitztoursfromwarsaw.com\/wp-content\/uploads\/2024\/10\/Auschwitz-concentration-camps-in-the-wintertime.jpg 1500w\" sizes=\"(max-width: 1024px) 100vw, 1024px\" \/><\/figure>\n<\/div>\n\n\n<h3 class=\"wp-block-heading has-text-align-center\">Por que voc\u00ea deve ler livros sobre Auschwitz?<\/h3>\n\n\n\n<p class=\"\">Ler sobre Auschwitz ajuda-o a compreender o Holocausto e o que este fez a milh\u00f5es de pessoas. Estes n\u00e3o s\u00e3o apenas ensinar-lhe hist\u00f3ria; Ajudam-no a sentir o que aconteceu e porque \u00e9 que nunca devemos esquecer. <\/p>\n\n\n\n<p class=\"\">Alguns dos livros s\u00e3o muito bons, com boas narrativas, mas prepare-se para sentir alguma tristeza. Eles n\u00e3o s\u00e3o apenas educativos, mas tamb\u00e9m valem a pena ler como grandes pe\u00e7as de arte. <\/p>\n\n\n\n<h2 class=\"wp-block-heading has-text-align-center\">Conclus\u00e3o<\/h2>\n\n\n\n<p class=\"\">Ler todos esses livros sobre o Holocausto \u00e9 vital para entender n\u00e3o apenas os eventos hist\u00f3ricos, mas tamb\u00e9m as profundezas e alturas da natureza humana.<\/p>\n\n\n\n<p class=\"\">Essas hist\u00f3rias variam de mem\u00f3rias pessoais a an\u00e1lises hist\u00f3ricas e oferecem informa\u00e7\u00f5es inestim\u00e1veis sobre as experi\u00eancias do povo judeu e de outros que viveram um dos per\u00edodos mais sombrios da hist\u00f3ria.<\/p>\n\n\n\n<p class=\"\">Obrigado por ler estes livros e entender a import\u00e2ncia desses eventos em nosso mundo hoje. Nunca nos esque\u00e7amos. <\/p>\n","protected":false},"excerpt":{"rendered":"<p>Temos de compreender um dos momentos mais negros da hist\u00f3ria da humanidade, o Holocausto, para que nunca mais aconte\u00e7a. Os livros sobre Auschwitz s\u00e3o algumas das melhores formas de recordar as v\u00edtimas e evitar repetir os mesmos erros terr\u00edveis. Auschwitz, o mais not\u00f3rio dos campos de exterm\u00ednio nazis, \u00e9 o ep\u00edtome da maldade humana e&#8230;<\/p>\n","protected":false},"author":1,"featured_media":3069,"comment_status":"closed","ping_status":"closed","sticky":false,"template":"","format":"standard","meta":{"nf_dc_page":"","_kadence_starter_templates_imported_post":false,"_kad_post_transparent":"","_kad_post_title":"","_kad_post_layout":"","_kad_post_sidebar_id":"","_kad_post_content_style":"","_kad_post_vertical_padding":"","_kad_post_feature":"","_kad_post_feature_position":"","_kad_post_header":false,"_kad_post_footer":false,"_kad_post_classname":"","footnotes":""},"categories":[220],"tags":[],"class_list":["post-3336","post","type-post","status-publish","format-standard","has-post-thumbnail","hentry","category-sobre-auschwitz"],"_links":{"self":[{"href":"https:\/\/auschwitztoursfromwarsaw.com\/pt-pt\/wp-json\/wp\/v2\/posts\/3336","targetHints":{"allow":["GET"]}}],"collection":[{"href":"https:\/\/auschwitztoursfromwarsaw.com\/pt-pt\/wp-json\/wp\/v2\/posts"}],"about":[{"href":"https:\/\/auschwitztoursfromwarsaw.com\/pt-pt\/wp-json\/wp\/v2\/types\/post"}],"author":[{"embeddable":true,"href":"https:\/\/auschwitztoursfromwarsaw.com\/pt-pt\/wp-json\/wp\/v2\/users\/1"}],"replies":[{"embeddable":true,"href":"https:\/\/auschwitztoursfromwarsaw.com\/pt-pt\/wp-json\/wp\/v2\/comments?post=3336"}],"version-history":[{"count":4,"href":"https:\/\/auschwitztoursfromwarsaw.com\/pt-pt\/wp-json\/wp\/v2\/posts\/3336\/revisions"}],"predecessor-version":[{"id":3860,"href":"https:\/\/auschwitztoursfromwarsaw.com\/pt-pt\/wp-json\/wp\/v2\/posts\/3336\/revisions\/3860"}],"wp:featuredmedia":[{"embeddable":true,"href":"https:\/\/auschwitztoursfromwarsaw.com\/pt-pt\/wp-json\/wp\/v2\/media\/3069"}],"wp:attachment":[{"href":"https:\/\/auschwitztoursfromwarsaw.com\/pt-pt\/wp-json\/wp\/v2\/media?parent=3336"}],"wp:term":[{"taxonomy":"category","embeddable":true,"href":"https:\/\/auschwitztoursfromwarsaw.com\/pt-pt\/wp-json\/wp\/v2\/categories?post=3336"},{"taxonomy":"post_tag","embeddable":true,"href":"https:\/\/auschwitztoursfromwarsaw.com\/pt-pt\/wp-json\/wp\/v2\/tags?post=3336"}],"curies":[{"name":"wp","href":"https:\/\/api.w.org\/{rel}","templated":true}]}}