{"id":3469,"date":"2024-10-14T10:07:24","date_gmt":"2024-10-14T10:07:24","guid":{"rendered":"https:\/\/auschwitztoursfromwarsaw.com\/auschwitz-dress-code-as-regras-oficiais\/"},"modified":"2025-05-13T09:29:54","modified_gmt":"2025-05-13T09:29:54","slug":"auschwitz-codigo-de-vestimenta","status":"publish","type":"post","link":"https:\/\/auschwitztoursfromwarsaw.com\/pt-pt\/auschwitz-codigo-de-vestimenta\/","title":{"rendered":"C\u00f3digo de Vestimenta Auschwitz: As Regras Oficiais"},"content":{"rendered":"\n<p class=\"\">Visitar Auschwitz \u00e9 um grande neg\u00f3cio para muitos de n\u00f3s honrarmos a hist\u00f3ria e recordarmos as vidas perdidas na Segunda Guerra Mundial. O c\u00f3digo de vestimenta de Auschwitz \u00e9 muito importante e h\u00e1 regras que voc\u00ea precisa lembrar quando visitar. <\/p>\n\n\n\n<p class=\"\">Est\u00e1 certo. O que veste \u00e9 importante quando visita os campos de concentra\u00e7\u00e3o de Auschwitz. Vestir-se adequadamente mostra que voc\u00ea entende e honra as v\u00edtimas.  <\/p>\n\n\n<div class=\"wp-block-image\">\n<figure class=\"aligncenter size-large\"><img decoding=\"async\" width=\"1024\" height=\"683\" src=\"https:\/\/auschwitztoursfromwarsaw.com\/wp-content\/uploads\/2024\/10\/Tourists-entering-Auschwitz-Birkenau-considering-the-Auschwitz-dress-code-1024x683.jpg\" alt=\"Turistas que entram em Auschwitz Birkenau considerando o c\u00f3digo de vestimenta de Auschwitz\" class=\"wp-image-2453\" srcset=\"https:\/\/auschwitztoursfromwarsaw.com\/wp-content\/uploads\/2024\/10\/Tourists-entering-Auschwitz-Birkenau-considering-the-Auschwitz-dress-code-1024x683.jpg 1024w, https:\/\/auschwitztoursfromwarsaw.com\/wp-content\/uploads\/2024\/10\/Tourists-entering-Auschwitz-Birkenau-considering-the-Auschwitz-dress-code-300x200.jpg 300w, https:\/\/auschwitztoursfromwarsaw.com\/wp-content\/uploads\/2024\/10\/Tourists-entering-Auschwitz-Birkenau-considering-the-Auschwitz-dress-code-768x512.jpg 768w, https:\/\/auschwitztoursfromwarsaw.com\/wp-content\/uploads\/2024\/10\/Tourists-entering-Auschwitz-Birkenau-considering-the-Auschwitz-dress-code.jpg 1500w\" sizes=\"(max-width: 1024px) 100vw, 1024px\" \/><\/figure>\n<\/div>\n\n\n<h2 class=\"wp-block-heading has-text-align-center\">Por que vestir-se corretamente \u00e9 importante<\/h2>\n\n\n\n<p class=\"\">Auschwitz \u00e9 um memorial aos milh\u00f5es que sofreram e morreram nos campos de concentra\u00e7\u00e3o. Quando visitamos Auschwitz, estamos entrando em um lugar onde coisas impens\u00e1veis aconteceram. Vestir-se corretamente mostra que conseguimos e respeitamos as v\u00edtimas.  <\/p>\n\n\n\n<p class=\"\">N\u00e3o estamos dizendo que \u00e9 apenas sobre as regras. Trata-se de mostrar respeito pelas vidas perdidas. Imagine caminhar pelo Memorial de Auschwitz Birkenau em neon, cores brilhantes ou algo que chame a aten\u00e7\u00e3o longe da atmosfera sombria. Sentir-se-ia deslocado e desrespeitoso.   <\/p>\n\n\n\n<p class=\"\">Ao participar de visitas guiadas, vestir-se corretamente \u00e9 uma maneira simples de prestar suas homenagens \u00e0queles que morreram em ambos os campos de Auschwitz.<\/p>\n\n\n\n<h2 class=\"wp-block-heading has-text-align-center\">Regras oficiais do C\u00f3digo de Vestu\u00e1rio de Auschwitz<\/h2>\n\n\n\n<p class=\"\">N\u00e3o h\u00e1 c\u00f3digo de vestu\u00e1rio no campo de concentra\u00e7\u00e3o, mas h\u00e1 regras a seguir. Vestir-se de forma adequada e modesta \u00e9 fundamental. Pense da seguinte forma: se voc\u00ea n\u00e3o o usaria em um funeral, n\u00e3o o use em sua turn\u00ea por Auschwitz. Isso significa que n\u00e3o h\u00e1 roupas casuais ou inadequadas para um lugar sagrado.   <\/p>\n\n\n\n<p class=\"\">Sem log\u00f3tipos, sem pol\u00edtica, sem palavr\u00f5es. Apenas o que voc\u00ea usaria em um lugar como o Memorial de Auschwitz Birkenau. <\/p>\n\n\n<div data-vi-partner-id=P00037809 data-vi-widget-ref=W-5a0da132-f651-4e63-a29c-3e18f9ddf0b5 ><\/div>\n<p><script async src=\"https:\/\/www.viator.com\/orion\/partner\/widget.js\"><\/script><\/p>\n\n\n<div class=\"wp-block-image\">\n<figure class=\"aligncenter size-large\"><img decoding=\"async\" width=\"1024\" height=\"683\" src=\"https:\/\/auschwitztoursfromwarsaw.com\/wp-content\/uploads\/2024\/10\/Tourists-with-a-guide-in-Auschwitz-Birkenau-1024x683.jpg\" alt=\"Turistas com guia em Auschwitz Birkenau\" class=\"wp-image-2412\" srcset=\"https:\/\/auschwitztoursfromwarsaw.com\/wp-content\/uploads\/2024\/10\/Tourists-with-a-guide-in-Auschwitz-Birkenau-1024x683.jpg 1024w, https:\/\/auschwitztoursfromwarsaw.com\/wp-content\/uploads\/2024\/10\/Tourists-with-a-guide-in-Auschwitz-Birkenau-300x200.jpg 300w, https:\/\/auschwitztoursfromwarsaw.com\/wp-content\/uploads\/2024\/10\/Tourists-with-a-guide-in-Auschwitz-Birkenau-768x512.jpg 768w, https:\/\/auschwitztoursfromwarsaw.com\/wp-content\/uploads\/2024\/10\/Tourists-with-a-guide-in-Auschwitz-Birkenau.jpg 1500w\" sizes=\"(max-width: 1024px) 100vw, 1024px\" \/><\/figure>\n<\/div>\n\n\n<h3 class=\"wp-block-heading has-text-align-center\">Vestu\u00e1rio para a cabe\u00e7a<\/h3>\n\n\n\n<p class=\"\">\u00c9 permitido usar chap\u00e9us ou outras coberturas para a cabe\u00e7a no exterior, mas ter\u00e1 de os remover quando entrar nos edif\u00edcios, em sinal de respeito pelas v\u00edtimas do Holocausto. Isso n\u00e3o se aplica a coberturas religiosas para a cabe\u00e7a, como yarmulkes ou hijabs. <\/p>\n\n\n\n<p class=\"\">Se voc\u00ea tiver d\u00favidas, seu guia tur\u00edstico ter\u00e1 prazer em respond\u00ea-las.<\/p>\n\n\n\n<p class=\"\">Apreciamos o vestu\u00e1rio cultural e religioso, pois respeita as pr\u00e1ticas pessoais e espirituais.<\/p>\n\n\n\n<h3 class=\"wp-block-heading has-text-align-center\">O que evitar numa visita guiada<\/h3>\n\n\n\n<p class=\"\">Sem regras, mas a mod\u00e9stia deve guiar o seu vestido. Evite regatas, shorts, minissaias ou roupas rasgadas, pois parece muito casual ou revelador para tal lugar. T-shirts, cal\u00e7as compridas ou jeans permitir\u00e3o que voc\u00ea se concentre no site em vez de se destacar.  <\/p>\n\n\n\n<p class=\"\">Quando visitei Auschwitz Birkenau, vi algu\u00e9m usando uma regata neon e shorts. Foi estranho, especialmente porque era um lugar t\u00e3o s\u00e9rio nos campos de concentra\u00e7\u00e3o de Birkenau. <\/p>\n\n\n<div class=\"wp-block-image\">\n<figure class=\"aligncenter size-large\"><img decoding=\"async\" width=\"1024\" height=\"655\" src=\"https:\/\/auschwitztoursfromwarsaw.com\/wp-content\/uploads\/2024\/10\/Modest-clothing-at-Auschwitz-1024x655.jpg\" alt=\"Roupas modestas em Auschwitz\" class=\"wp-image-2454\" srcset=\"https:\/\/auschwitztoursfromwarsaw.com\/wp-content\/uploads\/2024\/10\/Modest-clothing-at-Auschwitz-1024x655.jpg 1024w, https:\/\/auschwitztoursfromwarsaw.com\/wp-content\/uploads\/2024\/10\/Modest-clothing-at-Auschwitz-300x192.jpg 300w, https:\/\/auschwitztoursfromwarsaw.com\/wp-content\/uploads\/2024\/10\/Modest-clothing-at-Auschwitz-768x491.jpg 768w, https:\/\/auschwitztoursfromwarsaw.com\/wp-content\/uploads\/2024\/10\/Modest-clothing-at-Auschwitz.jpg 1500w\" sizes=\"(max-width: 1024px) 100vw, 1024px\" \/><\/figure>\n<\/div>\n\n\n<h4 class=\"wp-block-heading has-text-align-center\">N\u00e3o use roupas ofensivas ou chamativas<\/h4>\n\n\n\n<p class=\"\">Quando visitar Auschwitz, n\u00e3o use roupas com linguagem ofensiva, logotipos grandes ou gr\u00e1ficos chamativos. Qualquer coisa que chame a aten\u00e7\u00e3o n\u00e3o \u00e9 adequada para um memorial. Voc\u00ea est\u00e1 aqui para pensar sobre as vidas perdidas e suas roupas devem combinar com isso.  <\/p>\n\n\n\n<h4 class=\"wp-block-heading has-text-align-center\">Roupa Desportiva e Athleisure<\/h4>\n\n\n\n<p class=\"\">Embora o conforto seja fundamental, roupas esportivas e roupas de praia n\u00e3o s\u00e3o adequadas para visitar Auschwitz Birkenau.<\/p>\n\n\n\n<p class=\"\">Leggings, roupas de gin\u00e1stica ou roupas de banho s\u00e3o muito casuais para tal lugar. Uma vez vimos algu\u00e9m usando leggings semitransparentes como parte de um grupo que visitava o Memorial de Auschwitz e a quem foi recusada a entrada. <\/p>\n\n\n\n<h4 class=\"wp-block-heading has-text-align-center\">Moda Praia e Casual de ver\u00e3o<\/h4>\n\n\n\n<p class=\"\">Evite chinelos, fatos de banho ou qualquer roupa mais adequada para a praia do que um memorial. Pense no lugar quando voc\u00ea se veste. Em vez de moda praia opte por roupas mais modestas e respeitosas que se encaixem no local.  <\/p>\n\n\n<div data-gyg-href=\"https:\/\/widget.getyourguide.com\/default\/activities.frame\" data-gyg-locale-code=\"pt-PT\" data-gyg-widget=\"activities\" data-gyg-number-of-items=\"4\" data-gyg-partner-id=\"BD1X57Z\" data-gyg-q=\"warsaw old town\"><span>Powered by <a target=\"_blank\" rel=\"sponsored noopener\" href=\"https:\/\/www.getyourguide.com\/-t138725\">GetYourGuide<\/a><\/span><\/div>\n<p><!-- GetYourGuide Analytics --><\/p>\n<p><script async defer src=\"https:\/\/widget.getyourguide.com\/dist\/pa.umd.production.min.js\" data-gyg-partner-id=\"BD1X57Z\"><\/script><\/p>\n\n\n<div class=\"wp-block-image\">\n<figure class=\"aligncenter size-large\"><img decoding=\"async\" width=\"1024\" height=\"683\" src=\"https:\/\/auschwitztoursfromwarsaw.com\/wp-content\/uploads\/2024\/10\/taking-a-trip-to-Auschwitz-from-Warsaw-1024x683.jpg\" alt=\"fazer uma viagem a Auschwitz saindo de Vars\u00f3via\" class=\"wp-image-2315\" srcset=\"https:\/\/auschwitztoursfromwarsaw.com\/wp-content\/uploads\/2024\/10\/taking-a-trip-to-Auschwitz-from-Warsaw-1024x683.jpg 1024w, https:\/\/auschwitztoursfromwarsaw.com\/wp-content\/uploads\/2024\/10\/taking-a-trip-to-Auschwitz-from-Warsaw-300x200.jpg 300w, https:\/\/auschwitztoursfromwarsaw.com\/wp-content\/uploads\/2024\/10\/taking-a-trip-to-Auschwitz-from-Warsaw-768x512.jpg 768w, https:\/\/auschwitztoursfromwarsaw.com\/wp-content\/uploads\/2024\/10\/taking-a-trip-to-Auschwitz-from-Warsaw.jpg 1500w\" sizes=\"(max-width: 1024px) 100vw, 1024px\" \/><\/figure>\n<\/div>\n\n\n<h3 class=\"wp-block-heading has-text-align-center\">Vestir-se para o tempo<\/h3>\n\n\n\n<p class=\"\">N\u00f3s mencionamos o que vestir em nosso guia sobre a <a href=\"https:\/\/auschwitztoursfromwarsaw.com\/pt-pt\/melhor-epoca-auschwitz\/\" target=\"_blank\" rel=\"noreferrer noopener\"><strong>melhor \u00e9poca para visitar Auschwitz<\/strong><\/a> , mas vamos entrar em mais detalhes aqui.<\/p>\n\n\n\n<p class=\"\">Ver\u00e3o. Roupas leves e respir\u00e1veis s\u00e3o boas, mas n\u00e3o roupas de praia ou muito casuais. Os cal\u00e7\u00f5es devem ter a altura dos joelhos e as regata devem ser substitu\u00eddas por t-shirts ou tops modestos sem mangas.  <\/p>\n\n\n\n<p class=\"\">N\u00e3o lhe ser\u00e1 recusada a entrada se usar cal\u00e7as curtas, mas evit\u00e1-las \u00e9 muito apreciado.<\/p>\n\n\n\n<p class=\"\">Pode esquentar no ver\u00e3o, mas isso n\u00e3o significa que chinelos ou mai\u00f4s estejam bem. Leve sempre um chap\u00e9u ou \u00f3culos de sol, mas esteja preparado para retirar o chap\u00e9u dentro de casa. <\/p>\n\n\n\n<p class=\"\">O inverno na Pol\u00f4nia pode ser rigoroso, com temperaturas congelantes e neve. Voc\u00ea vai precisar de camadas grossas, um casaco de inverno, luvas, um len\u00e7o e um chap\u00e9u quente. Sapatos resistentes com boa ader\u00eancia s\u00e3o uma obriga\u00e7\u00e3o, pois os caminhos podem ser gelados. Mas use cal\u00e7ado confort\u00e1vel.   <\/p>\n\n\n\n<h3 class=\"wp-block-heading has-text-align-center\">Cal\u00e7ado confort\u00e1vel<\/h3>\n\n\n\n<p class=\"\">Muita caminhada est\u00e1 envolvida, especialmente entre Auschwitz I e Auschwitz II-Birkenau (e as Minas de Sal de Wieliczka, se voc\u00ea participar <a href=\"https:\/\/auschwitztoursfromwarsaw.com\/pt-pt\/ir-de-cracovia-a-auschwitz\/\" target=\"_blank\" rel=\"noreferrer noopener\"><strong>de uma excurs\u00e3o de Crac\u00f3via a Auschwitz<\/strong><\/a>). Sapatos fechados como t\u00eanis, botas de caminhada ou flats resistentes s\u00e3o os melhores. Chinelos ou saltos altos n\u00e3o s\u00e3o pr\u00e1ticos para o terreno e a quantidade de caminhada.<\/p>\n\n\n\n<p class=\"\">Usar sapatos confort\u00e1veis permitir\u00e1 que voc\u00ea se mova pelo recinto do museu com facilidade e sem dor, especialmente se voc\u00ea estiver participando de um passeio organizado.<\/p>\n\n\n<div class=\"wp-block-image\">\n<figure class=\"aligncenter size-large\"><img decoding=\"async\" width=\"1024\" height=\"685\" src=\"https:\/\/auschwitztoursfromwarsaw.com\/wp-content\/uploads\/2024\/10\/Train-arrival-at-Auschwitz-1024x685.jpg\" alt=\"Chegada de trem a Auschwitz excurs\u00f5es de Vars\u00f3via\" class=\"wp-image-2329\" srcset=\"https:\/\/auschwitztoursfromwarsaw.com\/wp-content\/uploads\/2024\/10\/Train-arrival-at-Auschwitz-1024x685.jpg 1024w, https:\/\/auschwitztoursfromwarsaw.com\/wp-content\/uploads\/2024\/10\/Train-arrival-at-Auschwitz-300x201.jpg 300w, https:\/\/auschwitztoursfromwarsaw.com\/wp-content\/uploads\/2024\/10\/Train-arrival-at-Auschwitz-768x514.jpg 768w, https:\/\/auschwitztoursfromwarsaw.com\/wp-content\/uploads\/2024\/10\/Train-arrival-at-Auschwitz.jpg 1500w\" sizes=\"(max-width: 1024px) 100vw, 1024px\" \/><\/figure>\n<\/div>\n\n\n<h2 class=\"wp-block-heading has-text-align-center\">Dicas sazonais<\/h2>\n\n\n\n<p class=\"\">Claro, como voc\u00ea se veste para o Museu de Auschwitz vai depender da esta\u00e7\u00e3o, ent\u00e3o vamos discutir algumas dicas que voc\u00ea vai querer antes de ir.<\/p>\n\n\n<div data-gyg-href=\"https:\/\/widget.getyourguide.com\/default\/activities.frame\" data-gyg-locale-code=\"pt-PT\" data-gyg-widget=\"activities\" data-gyg-number-of-items=\"4\" data-gyg-partner-id=\"BD1X57Z\" data-gyg-q=\"auschwitz\"><span>Powered by <a target=\"_blank\" rel=\"sponsored noopener\" href=\"https:\/\/www.getyourguide.com\/memorial-and-museum-auschwitz-birkenau-l1069\/\">GetYourGuide<\/a><\/span><\/div>\n<p><!-- GetYourGuide Analytics --><\/p>\n<p><script async defer src=\"https:\/\/widget.getyourguide.com\/dist\/pa.umd.production.min.js\" data-gyg-partner-id=\"BD1X57Z\"><\/script><\/p>\n\n\n\n<h3 class=\"wp-block-heading has-text-align-center\">Primavera\/outono<\/h3>\n\n\n\n<p class=\"\">Na primavera e no outono as temperaturas podem ser imprevis\u00edveis. Um casaco leve e camadas s\u00e3o a sua melhor aposta, voc\u00ea pode ajustar de acordo com o tempo. <\/p>\n\n\n\n<p class=\"\">Cal\u00e7as compridas confort\u00e1veis ou jeans s\u00e3o bons. As temperaturas podem mudar ao longo do dia, por isso traga sempre uma camada extra. <\/p>\n\n\n<div class=\"wp-block-image\">\n<figure class=\"aligncenter size-large\"><img decoding=\"async\" width=\"1024\" height=\"683\" src=\"https:\/\/auschwitztoursfromwarsaw.com\/wp-content\/uploads\/2024\/10\/the-best-Auschwitz-tours-from-Warsaw-in-Poland-1024x683.jpg\" alt=\"os melhores passeios de Auschwitz saindo de Vars\u00f3via na Pol\u00f4nia\" class=\"wp-image-2328\" srcset=\"https:\/\/auschwitztoursfromwarsaw.com\/wp-content\/uploads\/2024\/10\/the-best-Auschwitz-tours-from-Warsaw-in-Poland-1024x683.jpg 1024w, https:\/\/auschwitztoursfromwarsaw.com\/wp-content\/uploads\/2024\/10\/the-best-Auschwitz-tours-from-Warsaw-in-Poland-300x200.jpg 300w, https:\/\/auschwitztoursfromwarsaw.com\/wp-content\/uploads\/2024\/10\/the-best-Auschwitz-tours-from-Warsaw-in-Poland-768x512.jpg 768w, https:\/\/auschwitztoursfromwarsaw.com\/wp-content\/uploads\/2024\/10\/the-best-Auschwitz-tours-from-Warsaw-in-Poland.jpg 1500w\" sizes=\"(max-width: 1024px) 100vw, 1024px\" \/><\/figure>\n<\/div>\n\n\n<h3 class=\"wp-block-heading has-text-align-center\">Ver\u00e3o<\/h3>\n\n\n\n<p class=\"\">O ver\u00e3o \u00e9 quente, mas n\u00e3o se vista muito casualmente. Camisetas, shorts na altura dos joelhos ou cal\u00e7as leves s\u00e3o bons. <\/p>\n\n\n\n<p class=\"\">Embora seja tentador para o calor, n\u00e3o use shorts que sejam muito reveladores. Traga um chap\u00e9u e \u00f3culos de sol e lembre-se de retirar o chap\u00e9u dentro de casa. <\/p>\n\n\n<div class=\"wp-block-image\">\n<figure class=\"aligncenter size-large\"><img decoding=\"async\" width=\"1024\" height=\"679\" src=\"https:\/\/auschwitztoursfromwarsaw.com\/wp-content\/uploads\/2024\/10\/Entrance-of-Auschwitz-concentration-camp-on-a-sunny-day-1024x679.jpg\" alt=\"Entrada do campo de concentra\u00e7\u00e3o de Auschwitz em um dia ensolarado - Isto \u00e9 como chegar a Auschwitz\" class=\"wp-image-2413\" srcset=\"https:\/\/auschwitztoursfromwarsaw.com\/wp-content\/uploads\/2024\/10\/Entrance-of-Auschwitz-concentration-camp-on-a-sunny-day-1024x679.jpg 1024w, https:\/\/auschwitztoursfromwarsaw.com\/wp-content\/uploads\/2024\/10\/Entrance-of-Auschwitz-concentration-camp-on-a-sunny-day-300x199.jpg 300w, https:\/\/auschwitztoursfromwarsaw.com\/wp-content\/uploads\/2024\/10\/Entrance-of-Auschwitz-concentration-camp-on-a-sunny-day-768x509.jpg 768w, https:\/\/auschwitztoursfromwarsaw.com\/wp-content\/uploads\/2024\/10\/Entrance-of-Auschwitz-concentration-camp-on-a-sunny-day.jpg 1500w\" sizes=\"(max-width: 1024px) 100vw, 1024px\" \/><\/figure>\n<\/div>\n\n\n<h3 class=\"wp-block-heading has-text-align-center\">Inverno<\/h3>\n\n\n\n<p class=\"\">O inverno \u00e9 dif\u00edcil, mas com o equipamento certo, voc\u00ea ser\u00e1 bom. Vista-se com camadas grossas e um casaco de inverno pesado. N\u00e3o se esque\u00e7a das luvas e de um cachecol, pois provavelmente vai precisar delas.  <\/p>\n\n\n\n<p class=\"\">Use sapatos confort\u00e1veis e imperme\u00e1veis, pois o solo pode estar molhado ou gelado. Se voc\u00ea se vestir bem, sua visita de inverno pode ser muito reflexiva e a neve adicionar\u00e1 uma melancolia ao local. <\/p>\n\n\n<div class=\"wp-block-image\">\n<figure class=\"aligncenter size-large\"><img decoding=\"async\" width=\"1024\" height=\"683\" src=\"https:\/\/auschwitztoursfromwarsaw.com\/wp-content\/uploads\/2024\/10\/Visiting-Auschwitz-Birkenau-concentration-camps-in-the-winter-1024x683.jpg\" alt=\"Visitar os campos de concentra\u00e7\u00e3o de Auschwitz Birkenau no inverno\" class=\"wp-image-2440\" srcset=\"https:\/\/auschwitztoursfromwarsaw.com\/wp-content\/uploads\/2024\/10\/Visiting-Auschwitz-Birkenau-concentration-camps-in-the-winter-1024x683.jpg 1024w, https:\/\/auschwitztoursfromwarsaw.com\/wp-content\/uploads\/2024\/10\/Visiting-Auschwitz-Birkenau-concentration-camps-in-the-winter-300x200.jpg 300w, https:\/\/auschwitztoursfromwarsaw.com\/wp-content\/uploads\/2024\/10\/Visiting-Auschwitz-Birkenau-concentration-camps-in-the-winter-768x512.jpg 768w, https:\/\/auschwitztoursfromwarsaw.com\/wp-content\/uploads\/2024\/10\/Visiting-Auschwitz-Birkenau-concentration-camps-in-the-winter.jpg 1500w\" sizes=\"(max-width: 1024px) 100vw, 1024px\" \/><\/figure>\n<\/div>\n\n\n<h2 class=\"wp-block-heading has-text-align-center\">Considera\u00e7\u00f5es religiosas e culturais<\/h2>\n\n\n\n<p class=\"\">Em Auschwitz, mais do que em qualquer outro local, compreendemos como \u00e9 a <a href=\"https:\/\/www.eeas.europa.eu\/eeas\/liberdade-de-cren%C3%A7a-liberdade-de-religi%C3%A3o-n%C3%A3o-o-medo_pti\" target=\"_blank\" rel=\"noreferrer noopener\">liberdade de religi\u00e3o e de express\u00e3o<\/a>. No entanto, estes s\u00e3o alguns fatores que voc\u00ea deve considerar ao ir.<\/p>\n\n\n<div data-vi-partner-id=P00037809 data-vi-widget-ref=W-c951b683-903d-4370-b4d8-9c7f1f9b3272 ><\/div>\n<p><script async src=\"https:\/\/www.viator.com\/orion\/partner\/widget.js\"><\/script><\/p>\n\n\n\n<h3 class=\"wp-block-heading has-text-align-center\">Usar s\u00edmbolos religiosos ou vestu\u00e1rio<\/h3>\n\n\n\n<p class=\"\">Usar trajes religiosos ou s\u00edmbolos como cruzes, estrelas de David, yarmulkes ou hijabs \u00e9 bom. Auschwitz tem um profundo significado cultural e religioso para muitos grupos e usar s\u00edmbolos religiosos \u00e9 uma forma de honrar a sua liga\u00e7\u00e3o ao local. <\/p>\n\n\n\n<p class=\"\">Muitos grupos que visitam institui\u00e7\u00f5es religiosas t\u00eam seu pr\u00f3prio c\u00f3digo de vestimenta, que \u00e9 comum e respeitoso.<\/p>\n\n\n\n<figure class=\"wp-block-gallery has-nested-images columns-default is-cropped wp-block-gallery-1 is-layout-flex wp-block-gallery-is-layout-flex\">\n<figure class=\"wp-block-image size-large\"><img decoding=\"async\" width=\"683\" height=\"1024\" data-id=\"2311\" src=\"https:\/\/auschwitztoursfromwarsaw.com\/wp-content\/uploads\/2024\/10\/best-Auschwitz-tours-from-Warsaw-683x1024.jpg\" alt=\"melhores excurs\u00f5es a Auschwitz saindo de Vars\u00f3via\" class=\"wp-image-2311\" srcset=\"https:\/\/auschwitztoursfromwarsaw.com\/wp-content\/uploads\/2024\/10\/best-Auschwitz-tours-from-Warsaw-683x1024.jpg 683w, https:\/\/auschwitztoursfromwarsaw.com\/wp-content\/uploads\/2024\/10\/best-Auschwitz-tours-from-Warsaw-200x300.jpg 200w, https:\/\/auschwitztoursfromwarsaw.com\/wp-content\/uploads\/2024\/10\/best-Auschwitz-tours-from-Warsaw-768x1152.jpg 768w, https:\/\/auschwitztoursfromwarsaw.com\/wp-content\/uploads\/2024\/10\/best-Auschwitz-tours-from-Warsaw.jpg 1000w\" sizes=\"(max-width: 683px) 100vw, 683px\" \/><\/figure>\n\n\n\n<figure class=\"wp-block-image size-large\"><img decoding=\"async\" width=\"683\" height=\"1024\" data-id=\"2308\" src=\"https:\/\/auschwitztoursfromwarsaw.com\/wp-content\/uploads\/2024\/10\/tours-of-Auschwitz-from-Warsaw-683x1024.jpg\" alt=\"excurs\u00f5es de Auschwitz saindo de Vars\u00f3via\" class=\"wp-image-2308\" srcset=\"https:\/\/auschwitztoursfromwarsaw.com\/wp-content\/uploads\/2024\/10\/tours-of-Auschwitz-from-Warsaw-683x1024.jpg 683w, https:\/\/auschwitztoursfromwarsaw.com\/wp-content\/uploads\/2024\/10\/tours-of-Auschwitz-from-Warsaw-200x300.jpg 200w, https:\/\/auschwitztoursfromwarsaw.com\/wp-content\/uploads\/2024\/10\/tours-of-Auschwitz-from-Warsaw-768x1152.jpg 768w, https:\/\/auschwitztoursfromwarsaw.com\/wp-content\/uploads\/2024\/10\/tours-of-Auschwitz-from-Warsaw.jpg 1000w\" sizes=\"(max-width: 683px) 100vw, 683px\" \/><\/figure>\n<\/figure>\n\n\n\n<h2 class=\"wp-block-heading has-text-align-center\">Lembre-se do Memorial<\/h2>\n\n\n\n<p class=\"\">O respeito \u00e9 a chave do c\u00f3digo de vestu\u00e1rio de Auschwitz. Estar confort\u00e1vel n\u00e3o significa ser indecente. Quando visitar Auschwitz, lembre-se de que as suas roupas d\u00e3o o tom da sua visita. Tirar selfies ou fotos casuais tamb\u00e9m n\u00e3o \u00e9 recomendado.   <\/p>\n\n\n\n<p class=\"\">Em vez disso, concentre-se na reflex\u00e3o e na hist\u00f3ria do que aconteceu no site. Estas s\u00e3o algumas regras, de acordo com o site oficial de Auschwitz: <\/p>\n\n\n\n<ul class=\"wp-block-list\">\n<li class=\"\">N\u00e3o remova nem danifique nada em Auschwitz-Birkenau.<\/li>\n\n\n\n<li class=\"\">Seja s\u00e9rio e respeitoso e vista-se de acordo (vamos l\u00e1, quem iria rir em tal lugar?).<\/li>\n\n\n\n<li class=\"\">O tamanho m\u00e1ximo dos sacos permitidos \u00e9 de 30 x 20 x 10 cm.<\/li>\n\n\n\n<li class=\"\">Sem comida, sem \u00e1lcool, sem cigarros, sem pastilhas el\u00e1sticas, sem cigarros eletr\u00f3nicos.<\/li>\n\n\n\n<li class=\"\">N\u00e3o s\u00e3o permitidos animais (c\u00e3es-guia).<\/li>\n\n\n\n<li class=\"\">Sem carrinhos de beb\u00e9.<\/li>\n\n\n\n<li class=\"\">Sem bandeiras, sem cartazes, sem banners, sem itens promocionais.<\/li>\n\n\n\n<li class=\"\">Sem armas.<\/li>\n\n\n\n<li class=\"\">Sem m\u00fasica.<\/li>\n\n\n\n<li class=\"\">N\u00e3o h\u00e1 chamadas de telem\u00f3vel no interior dos edif\u00edcios da exposi\u00e7\u00e3o.<\/li>\n\n\n\n<li class=\"\">N\u00e3o \u00e9 permitida a entrada sob a influ\u00eancia de \u00e1lcool.<\/li>\n\n\n\n<li class=\"\">Nenhum drone sem permiss\u00e3o.<\/li>\n\n\n\n<li class=\"\">Sem flash, sem trip\u00e9s dentro dos edif\u00edcios.<\/li>\n\n\n\n<li class=\"\">Nenhuma fotografia ou grava\u00e7\u00e3o de postos de controle de seguran\u00e7a.<\/li>\n\n\n\n<li class=\"\">Nenhuma fala p\u00fablica que desrespeite a mem\u00f3ria das v\u00edtimas de Auschwitz, negue os crimes nazistas, difame o complexo ou promova o \u00f3dio de qualquer forma.<\/li>\n\n\n\n<li class=\"\">Sem bagagem desacompanhada.<\/li>\n\n\n\n<li class=\"\">Nenhuma manifesta\u00e7\u00e3o ofensiva, provocativa ou pol\u00edtica.<\/li>\n\n\n\n<li class=\"\">Nenhum sinal ou s\u00edmbolo do nazismo ou de outros regimes totalit\u00e1rios.<\/li>\n\n\n\n<li class=\"\">Nenhuma grava\u00e7\u00e3o do guia tur\u00edstico (direitos autorais).<\/li>\n<\/ul>\n\n\n\n<p class=\"\">Estas regras ajudam a manter a seriedade do memorial de Auschwitz, e n\u00e3o podemos deixar de as aprovar.<\/p>\n\n\n<div class=\"wp-block-image\">\n<figure class=\"aligncenter size-large\"><img decoding=\"async\" width=\"1024\" height=\"683\" src=\"https:\/\/auschwitztoursfromwarsaw.com\/wp-content\/uploads\/2024\/10\/Visiting-Auschwitz-in-spring-and-autumn-1024x683.jpg\" alt=\"Visitar Auschwitz na primavera e no outono\" class=\"wp-image-2441\" srcset=\"https:\/\/auschwitztoursfromwarsaw.com\/wp-content\/uploads\/2024\/10\/Visiting-Auschwitz-in-spring-and-autumn-1024x683.jpg 1024w, https:\/\/auschwitztoursfromwarsaw.com\/wp-content\/uploads\/2024\/10\/Visiting-Auschwitz-in-spring-and-autumn-300x200.jpg 300w, https:\/\/auschwitztoursfromwarsaw.com\/wp-content\/uploads\/2024\/10\/Visiting-Auschwitz-in-spring-and-autumn-768x512.jpg 768w, https:\/\/auschwitztoursfromwarsaw.com\/wp-content\/uploads\/2024\/10\/Visiting-Auschwitz-in-spring-and-autumn.jpg 1500w\" sizes=\"(max-width: 1024px) 100vw, 1024px\" \/><\/figure>\n<\/div>\n\n\n<h2 class=\"wp-block-heading has-text-align-center\">Conclus\u00e3o: Vista-se respeitosamente<\/h2>\n\n\n\n<p class=\"\">Ao visitar Auschwitz, n\u00e3o se trata do que voc\u00ea veste, mas por que voc\u00ea o usa. N\u00e3o existe um c\u00f3digo de vestu\u00e1rio formal de Auschwitz, mas vestir-se com respeito mostra que compreende a import\u00e2ncia do Memorial de Auschwitz Birkenau. <\/p>\n\n\n\n<p class=\"\">Quer visite no ver\u00e3o ou no inverno, vestir-se de forma modesta e pr\u00e1tica permitir\u00e1 que se concentre na experi\u00eancia e preste homenagem a quem sofreu. Siga as regras, respeite as regras e aborde a sua visita com a seriedade que merece. <\/p>\n\n\n\n<p class=\"\">Vestindo-se corretamente, honras a mem\u00f3ria das v\u00edtimas e tornas significativa a tua visita a este importante memorial.<\/p>\n","protected":false},"excerpt":{"rendered":"<p>Visitar Auschwitz \u00e9 um grande neg\u00f3cio para muitos de n\u00f3s honrarmos a hist\u00f3ria e recordarmos as vidas perdidas na Segunda Guerra Mundial. O c\u00f3digo de vestimenta de Auschwitz \u00e9 muito importante e h\u00e1 regras que voc\u00ea precisa lembrar quando visitar. Est\u00e1 certo. O que veste \u00e9 importante quando visita os campos de concentra\u00e7\u00e3o de Auschwitz&#8230;.<\/p>\n","protected":false},"author":1,"featured_media":2973,"comment_status":"closed","ping_status":"closed","sticky":false,"template":"","format":"standard","meta":{"nf_dc_page":"","_kadence_starter_templates_imported_post":false,"_kad_post_transparent":"","_kad_post_title":"","_kad_post_layout":"","_kad_post_sidebar_id":"","_kad_post_content_style":"","_kad_post_vertical_padding":"","_kad_post_feature":"","_kad_post_feature_position":"","_kad_post_header":false,"_kad_post_footer":false,"_kad_post_classname":"","footnotes":""},"categories":[226],"tags":[],"class_list":["post-3469","post","type-post","status-publish","format-standard","has-post-thumbnail","hentry","category-visitar-auschwitz"],"_links":{"self":[{"href":"https:\/\/auschwitztoursfromwarsaw.com\/pt-pt\/wp-json\/wp\/v2\/posts\/3469","targetHints":{"allow":["GET"]}}],"collection":[{"href":"https:\/\/auschwitztoursfromwarsaw.com\/pt-pt\/wp-json\/wp\/v2\/posts"}],"about":[{"href":"https:\/\/auschwitztoursfromwarsaw.com\/pt-pt\/wp-json\/wp\/v2\/types\/post"}],"author":[{"embeddable":true,"href":"https:\/\/auschwitztoursfromwarsaw.com\/pt-pt\/wp-json\/wp\/v2\/users\/1"}],"replies":[{"embeddable":true,"href":"https:\/\/auschwitztoursfromwarsaw.com\/pt-pt\/wp-json\/wp\/v2\/comments?post=3469"}],"version-history":[{"count":4,"href":"https:\/\/auschwitztoursfromwarsaw.com\/pt-pt\/wp-json\/wp\/v2\/posts\/3469\/revisions"}],"predecessor-version":[{"id":3862,"href":"https:\/\/auschwitztoursfromwarsaw.com\/pt-pt\/wp-json\/wp\/v2\/posts\/3469\/revisions\/3862"}],"wp:featuredmedia":[{"embeddable":true,"href":"https:\/\/auschwitztoursfromwarsaw.com\/pt-pt\/wp-json\/wp\/v2\/media\/2973"}],"wp:attachment":[{"href":"https:\/\/auschwitztoursfromwarsaw.com\/pt-pt\/wp-json\/wp\/v2\/media?parent=3469"}],"wp:term":[{"taxonomy":"category","embeddable":true,"href":"https:\/\/auschwitztoursfromwarsaw.com\/pt-pt\/wp-json\/wp\/v2\/categories?post=3469"},{"taxonomy":"post_tag","embeddable":true,"href":"https:\/\/auschwitztoursfromwarsaw.com\/pt-pt\/wp-json\/wp\/v2\/tags?post=3469"}],"curies":[{"name":"wp","href":"https:\/\/api.w.org\/{rel}","templated":true}]}}